{"id":26711,"date":"2025-01-26T15:45:23","date_gmt":"2025-01-26T15:45:23","guid":{"rendered":"https:\/\/247stiri.ro\/index.php\/2025\/01\/26\/noi-detalii-in-cazul-accidentului-mortal-provocat-de-un-politician-una-dintre-victime-a-decedat-dupa-opt-zile-de-stat-in-coma\/"},"modified":"2025-01-26T15:45:23","modified_gmt":"2025-01-26T15:45:23","slug":"noi-detalii-in-cazul-accidentului-mortal-provocat-de-un-politician-una-dintre-victime-a-decedat-dupa-opt-zile-de-stat-in-coma","status":"publish","type":"post","link":"https:\/\/247stiri.ro\/index.php\/2025\/01\/26\/noi-detalii-in-cazul-accidentului-mortal-provocat-de-un-politician-una-dintre-victime-a-decedat-dupa-opt-zile-de-stat-in-coma\/","title":{"rendered":"Noi detalii \u00een cazul accidentului MORTAL provocat de un politician: una dintre victime a decedat dup\u0103 opt zile de stat \u00een com\u0103"},"content":{"rendered":"<p>Acesta este acuzat c\u0103 a provocat accidentul, \u00een urma c\u0103ruia patru prieteni au fost r\u0103ni\u021bi grav, iar una dintre victime \u0219i-a pierdut via\u021ba dup\u0103 ce a stat opt zile \u00een com\u0103. Mai mult, oficialul a p\u0103r\u0103sit locul faptei f\u0103r\u0103 acordul autorit\u0103\u021bilor, agrav\u00e2ndu-\u0219i situa\u021bia juridic\u0103.<\/p>\n<p>Cum s-a \u00eent\u00e2mplat totul<\/p>\n<p><a href=\"https:\/\/www.realitatea.net\/stiri\/actual\/un-viceprimar-de-comuna-a-facut-accident-cu-masina-si-a-fugit-de-la-fata-locului-a-lasat-3-oameni-raniti-pe-sosea-video_6794adbc39cf0f2b324fc7b2\" target=\"_blank\">Incidentul a avut loc<\/a> pe 17 ianuarie, \u00een jurul orei 21:55, \u00een localitatea Vama, pe un carosabil acoperit de polei. Potrivit informa\u021biilor, ma\u0219ina condus\u0103 de viceprimar a derapat, a ie\u0219it de pe drum \u0219i s-a r\u0103sturnat \u00eentr-o vale. \u00cen urma impactului, patru b\u0103rba\u021bi cu v\u00e2rste \u00eentre 58 \u0219i 70 de ani au fost r\u0103ni\u021bi grav \u0219i transporta\u021bi de urgen\u021b\u0103 la spital.<\/p>\n<p>Una dintre victime, un b\u0103rbat internat cu coloana fracturat\u0103, a fost transferat\u0103 \u00een stare critic\u0103 la Cluj-Napoca, unde, din p\u0103cate, a decedat. Celelalte victime au suferit multiple fracturi, iar starea lor a necesitat \u00eengrijiri medicale de specialitate.<\/p>\n<p>Dup\u0103 accident, autorit\u0103\u021bile nu au reu\u0219it s\u0103 identifice imediat \u0219oferul. Din acest motiv, s-au prelevat probe biologice de la to\u021bi ocupan\u021bii vehiculului. Investiga\u021biile ulterioare au scos la iveal\u0103 c\u0103 la volan s-ar fi aflat viceprimarul Dumitru Vida, care \u0219i el a suferit r\u0103ni \u0219i fracturi \u00een urma incidentului.<\/p>\n<p>Mai grav, Vida ar fi p\u0103r\u0103sit<a href=\"https:\/\/www.realitatea.net\/stiri\/actual\/accident-grav-in-constanta-elicopterul-smurd-a-intervenit-la-fata-locului_67937f3a7d920308eb30616d\" target=\"_blank\"> locul accidentului<\/a> f\u0103r\u0103 a anun\u021ba poli\u021bia, \u00eenc\u0103lc\u00e2nd astfel legea \u0219i complic\u00e2nd ancheta. Conform surselor citate de PresaSM, oficialul a refuzat s\u0103 comenteze situa\u021bia, nefiind disponibil pentru declara\u021bii, \u00een ciuda insisten\u021belor reporterilor.<\/p>\n<p>Consecin\u021bele juridice<\/p>\n<p>Decesul uneia dintre victime va agrava situa\u021bia penal\u0103 a viceprimarului, care este acum investigat pentru multiple infrac\u021biuni, inclusiv p\u0103r\u0103sirea locului accidentului \u0219i omor din culp\u0103. \u00centr-o astfel de situa\u021bie, r\u0103spunderea legal\u0103 este cu at\u00e2t mai mare, iar cazul este urm\u0103rit \u00eendeaproape de autorit\u0103\u021bi \u0219i opinia public\u0103.<\/p>\n<p>Ancheta este \u00een desf\u0103\u0219urare, iar evolu\u021biile acestui caz vor fi urm\u0103rite cu aten\u021bie, av\u00e2nd \u00een vedere gravitatea acuza\u021biilor \u0219i impactul asupra comunit\u0103\u021bii.<\/p>","protected":false},"excerpt":{"rendered":"<p>Acesta este acuzat c\u0103 a provocat accidentul, \u00een urma c\u0103ruia patru prieteni au fost r\u0103ni\u021bi&hellip;<\/p>\n","protected":false},"author":0,"featured_media":26712,"comment_status":"open","ping_status":"open","sticky":false,"template":"","format":"standard","meta":{"footnotes":""},"categories":[2],"tags":[],"class_list":["post-26711","post","type-post","status-publish","format-standard","has-post-thumbnail","hentry","category-actual"],"_links":{"self":[{"href":"https:\/\/247stiri.ro\/index.php\/wp-json\/wp\/v2\/posts\/26711","targetHints":{"allow":["GET"]}}],"collection":[{"href":"https:\/\/247stiri.ro\/index.php\/wp-json\/wp\/v2\/posts"}],"about":[{"href":"https:\/\/247stiri.ro\/index.php\/wp-json\/wp\/v2\/types\/post"}],"replies":[{"embeddable":true,"href":"https:\/\/247stiri.ro\/index.php\/wp-json\/wp\/v2\/comments?post=26711"}],"version-history":[{"count":0,"href":"https:\/\/247stiri.ro\/index.php\/wp-json\/wp\/v2\/posts\/26711\/revisions"}],"wp:featuredmedia":[{"embeddable":true,"href":"https:\/\/247stiri.ro\/index.php\/wp-json\/wp\/v2\/media\/26712"}],"wp:attachment":[{"href":"https:\/\/247stiri.ro\/index.php\/wp-json\/wp\/v2\/media?parent=26711"}],"wp:term":[{"taxonomy":"category","embeddable":true,"href":"https:\/\/247stiri.ro\/index.php\/wp-json\/wp\/v2\/categories?post=26711"},{"taxonomy":"post_tag","embeddable":true,"href":"https:\/\/247stiri.ro\/index.php\/wp-json\/wp\/v2\/tags?post=26711"}],"curies":[{"name":"wp","href":"https:\/\/api.w.org\/{rel}","templated":true}]}}