{"id":26719,"date":"2025-01-26T16:45:12","date_gmt":"2025-01-26T16:45:12","guid":{"rendered":"https:\/\/247stiri.ro\/index.php\/2025\/01\/26\/tragedia-in-care-a-murit-fratele-ministrului-cristian-adomnitei-concluziile-dupa-doi-ani-de-ancheta-de-la-dezastrul-aviatic\/"},"modified":"2025-01-26T16:45:12","modified_gmt":"2025-01-26T16:45:12","slug":"tragedia-in-care-a-murit-fratele-ministrului-cristian-adomnitei-concluziile-dupa-doi-ani-de-ancheta-de-la-dezastrul-aviatic","status":"publish","type":"post","link":"https:\/\/247stiri.ro\/index.php\/2025\/01\/26\/tragedia-in-care-a-murit-fratele-ministrului-cristian-adomnitei-concluziile-dupa-doi-ani-de-ancheta-de-la-dezastrul-aviatic\/","title":{"rendered":"Tragedia \u00een care a murit fratele ministrului Cristian Adomni\u021bei. Concluziile dup\u0103 doi ani de anchet\u0103 de la dezastrul aviatic"},"content":{"rendered":"<p><a href=\"https:\/\/www.realitatea.net\/stiri\/actual\/dosarul-albumul-fostul-ministru-al-educatiei-cristian-adomnitei-scapa-de-inchisoare_65c4f2dd8419dd26db221fd2\" target=\"_blank\">Familia a\u0219teapt\u0103<\/a> acum r\u0103spunsuri clare despre cauzele exacte ale incidentului la mai bine de doi ani de la moartea lui Bogdan Adomni\u021bei.\u00a0<\/p>\n<p>Momentul crucial care a dus la pr\u0103bu\u0219irea avionului<\/p>\n<p>Anchetatorii au analizat \u0219i altitudinea joas\u0103 care ar fi putut duce la pierderea controlului aeronavei. O nou\u0103 ipotez\u0103 ar fi c\u0103 <a href=\"https:\/\/www.realitatea.net\/stiri\/actual\/fratele-fostului-ministru-adomnitei-mort-intrun-accident-aviatic-ce-facuse-barbatul-in-ziua-tragediei-cum-sa-prabusit-de-fapt-avionul_632034319566db32d87e2424\" target=\"_blank\">Bogdan Adomni\u021bei<\/a> a alunecat de pe scaun din cauz\u0103 c\u0103 nu purta centura de siguran\u021b\u0103 \u0219i \u00een timpul manevrelor a atins involuntar man\u0219a \u0219i palonierul, ceea ce ar fi provocat pr\u0103bu\u0219irea. Raportul preliminar arat\u0103 c\u0103 avionul nu a avut probleme tehnice majore \u0219i nici vremea nu a fost un factor decisiv.<\/p>\n<p>Speciali\u0219tii spun c\u0103 avionul era \u00een c\u0103dere pe plan vertical \u0219i s-a izbit de sol cu o vitez\u0103 uria\u0219\u0103, impactul fiind fatal pentru pilot \u0219i pasager. Totu\u0219i, ancheta nu a putut stabili cu exactitate cauza accidentului, dar nu exclude nici o posibil\u0103 eroare uman\u0103.\u00a0<\/p>","protected":false},"excerpt":{"rendered":"<p>Familia a\u0219teapt\u0103 acum r\u0103spunsuri clare despre cauzele exacte ale incidentului la mai bine de doi&hellip;<\/p>\n","protected":false},"author":0,"featured_media":26720,"comment_status":"open","ping_status":"open","sticky":false,"template":"","format":"standard","meta":{"footnotes":""},"categories":[2],"tags":[],"class_list":["post-26719","post","type-post","status-publish","format-standard","has-post-thumbnail","hentry","category-actual"],"_links":{"self":[{"href":"https:\/\/247stiri.ro\/index.php\/wp-json\/wp\/v2\/posts\/26719","targetHints":{"allow":["GET"]}}],"collection":[{"href":"https:\/\/247stiri.ro\/index.php\/wp-json\/wp\/v2\/posts"}],"about":[{"href":"https:\/\/247stiri.ro\/index.php\/wp-json\/wp\/v2\/types\/post"}],"replies":[{"embeddable":true,"href":"https:\/\/247stiri.ro\/index.php\/wp-json\/wp\/v2\/comments?post=26719"}],"version-history":[{"count":0,"href":"https:\/\/247stiri.ro\/index.php\/wp-json\/wp\/v2\/posts\/26719\/revisions"}],"wp:featuredmedia":[{"embeddable":true,"href":"https:\/\/247stiri.ro\/index.php\/wp-json\/wp\/v2\/media\/26720"}],"wp:attachment":[{"href":"https:\/\/247stiri.ro\/index.php\/wp-json\/wp\/v2\/media?parent=26719"}],"wp:term":[{"taxonomy":"category","embeddable":true,"href":"https:\/\/247stiri.ro\/index.php\/wp-json\/wp\/v2\/categories?post=26719"},{"taxonomy":"post_tag","embeddable":true,"href":"https:\/\/247stiri.ro\/index.php\/wp-json\/wp\/v2\/tags?post=26719"}],"curies":[{"name":"wp","href":"https:\/\/api.w.org\/{rel}","templated":true}]}}