{"id":26723,"date":"2025-01-26T16:45:13","date_gmt":"2025-01-26T16:45:13","guid":{"rendered":"https:\/\/247stiri.ro\/index.php\/2025\/01\/26\/presedintele-sud-coreean-yoon-suk-yeol-ramane-in-inchisoare-fiind-inculpat-de-insurectie\/"},"modified":"2025-01-26T16:45:13","modified_gmt":"2025-01-26T16:45:13","slug":"presedintele-sud-coreean-yoon-suk-yeol-ramane-in-inchisoare-fiind-inculpat-de-insurectie","status":"publish","type":"post","link":"https:\/\/247stiri.ro\/index.php\/2025\/01\/26\/presedintele-sud-coreean-yoon-suk-yeol-ramane-in-inchisoare-fiind-inculpat-de-insurectie\/","title":{"rendered":"Pre\u015fedintele sud-coreean Yoon Suk Yeol r\u0103m\u00e2ne \u00een \u00eenchisoare, fiind inculpat de \u201dinsurec\u0163ie\u201d"},"content":{"rendered":"<p>Procurorii \u00eens\u0103rcina\u0163i cu ancheta au anun\u0163at \u00eente-un comunicat c\u0103 l-au \u201dinculpat pe\u00a0Yoon Suk Yeol (&#8230;) de acuza\u0163ia c\u0103 este conduc\u0103torul unei insurec\u0163ii\u201d.<\/p>\n<p>Yoon a aruncat Coreea de Sud \u00een haos politic, dup\u0103 ce a \u00eencercat, la 3 decembrie, s\u0103 decreteze legea mar\u0163ial\u0103, o m\u0103sur\u0103 care a durat doar \u015fase ore \u00eenainte s\u0103 fie respins\u0103 de c\u0103tre deputa\u0163i, care au reu\u015fit s\u0103 se reuneasc\u0103 de urgen\u0163\u0103 \u00een Parlament.<\/p>\n<p>El a fost suspendat la pu\u0163in timp dup\u0103 aceea, la 15 ianuarie, \u015fi a devenit primul \u015fef de stat sud-coreean \u00een func\u0163ie arestat.<\/p>\n<p>Aceast\u0103 arestare a intervenit dup\u0103 o deten\u0163ie de mai multe s\u0103pt\u0103m\u00e2ni \u00een re\u015fedin\u0163a sa, unde garda sa apropiat\u0103 s-a opus \u00eencerc\u0103rilor de arestare.<\/p>\n<p>Yoon se afl\u0103 \u00een prezent la Centrul de Deten\u0163ie de la Seul.<\/p>\n<p>El a refuzat s\u0103 coopereze \u00een ancheta penal\u0103 cu privire la declararea sa a legii mar\u0163iale, iar avoca\u0163ii s\u0103i au anun\u0163at c\u0103 anchetatorii nu au autoritate legal\u0103.<\/p>\n<p>Inculparea sa oficial\u0103 \u00een vederea deten\u0163iei \u00eenseamn\u0103 c\u0103 de-acum va fi \u0163inut dup\u0103 gratii p\u00e2n\u0103 la proces, care urmeaz\u0103 s\u0103 aib\u0103 loc \u00een \u015fase luni.<\/p>\n<p>Acuza\u0163ia potrivit c\u0103reia a condus o insurec\u0163ie nu este acoperit\u0103 de imunitatea preziden\u0163ial\u0103, subliniaz\u0103 ei.<\/p>","protected":false},"excerpt":{"rendered":"<p>Procurorii \u00eens\u0103rcina\u0163i cu ancheta au anun\u0163at \u00eente-un comunicat c\u0103 l-au \u201dinculpat pe\u00a0Yoon Suk Yeol (&#8230;)&hellip;<\/p>\n","protected":false},"author":0,"featured_media":26714,"comment_status":"open","ping_status":"open","sticky":false,"template":"","format":"standard","meta":{"footnotes":""},"categories":[2],"tags":[],"class_list":["post-26723","post","type-post","status-publish","format-standard","has-post-thumbnail","hentry","category-actual"],"_links":{"self":[{"href":"https:\/\/247stiri.ro\/index.php\/wp-json\/wp\/v2\/posts\/26723","targetHints":{"allow":["GET"]}}],"collection":[{"href":"https:\/\/247stiri.ro\/index.php\/wp-json\/wp\/v2\/posts"}],"about":[{"href":"https:\/\/247stiri.ro\/index.php\/wp-json\/wp\/v2\/types\/post"}],"replies":[{"embeddable":true,"href":"https:\/\/247stiri.ro\/index.php\/wp-json\/wp\/v2\/comments?post=26723"}],"version-history":[{"count":0,"href":"https:\/\/247stiri.ro\/index.php\/wp-json\/wp\/v2\/posts\/26723\/revisions"}],"wp:featuredmedia":[{"embeddable":true,"href":"https:\/\/247stiri.ro\/index.php\/wp-json\/wp\/v2\/media\/26714"}],"wp:attachment":[{"href":"https:\/\/247stiri.ro\/index.php\/wp-json\/wp\/v2\/media?parent=26723"}],"wp:term":[{"taxonomy":"category","embeddable":true,"href":"https:\/\/247stiri.ro\/index.php\/wp-json\/wp\/v2\/categories?post=26723"},{"taxonomy":"post_tag","embeddable":true,"href":"https:\/\/247stiri.ro\/index.php\/wp-json\/wp\/v2\/tags?post=26723"}],"curies":[{"name":"wp","href":"https:\/\/api.w.org\/{rel}","templated":true}]}}