{"id":26759,"date":"2025-01-26T20:49:04","date_gmt":"2025-01-26T20:49:04","guid":{"rendered":"https:\/\/247stiri.ro\/index.php\/2025\/01\/26\/predoiu-despre-jaful-de-la-muzeul-din-olanda-astept-maximum-de-implicare-de-la-politia-olandeza-si-o-cooperare-deschisa-cu-politistii-romani-orice-speculatie-in-scop-politic-este-josnica\/"},"modified":"2025-01-26T20:49:04","modified_gmt":"2025-01-26T20:49:04","slug":"predoiu-despre-jaful-de-la-muzeul-din-olanda-astept-maximum-de-implicare-de-la-politia-olandeza-si-o-cooperare-deschisa-cu-politistii-romani-orice-speculatie-in-scop-politic-este-josnica","status":"publish","type":"post","link":"https:\/\/247stiri.ro\/index.php\/2025\/01\/26\/predoiu-despre-jaful-de-la-muzeul-din-olanda-astept-maximum-de-implicare-de-la-politia-olandeza-si-o-cooperare-deschisa-cu-politistii-romani-orice-speculatie-in-scop-politic-este-josnica\/","title":{"rendered":"Predoiu, despre jaful de la muzeul din Olanda: A\u015ftept maximum de implicare de la Poli\u0163ia olandez\u0103 \u015fi o cooperare deschis\u0103 cu poli\u0163i\u015ftii rom\u00e2ni. Orice specula\u0163ie \u00een scop politic este josnic\u0103"},"content":{"rendered":"<p>\u00centr-o interven\u0163ie la un post de televiziune, C\u0103t\u0103lin Predoiu a explicat c\u0103 \u00een privin\u0163a furtului \u00een sine, jurisdic\u0163ia apar\u0163ine Poli\u0163iei olandeze, \u00een condi\u0163iile \u00een care infrac\u0163iunea a fost comis\u0103 pe teritoriu olandez. De asemenea, a spus Predoiu, conform reglement\u0103rilor europene \u015fi bilaterale, este posibil s\u0103 fie activat un mecanism de cooperare judiciar\u0103 \u00een acest caz, \u201eceea ce s-a \u015fi \u00eent\u00e2mplat de la primele ore de la comiterea acestui furt\u201d, Poli\u0163ia Rom\u00e2n\u0103 fiind \u00een permanent contact cu Poli\u0163ia olandez\u0103.\u201ePoli\u0163ia Rom\u00e2n\u0103 are preg\u0103tit\u0103 o echip\u0103 de criminali\u015fti, dar \u015fi de poli\u0163i\u015fti, judiciari\u015fti, exper\u0163i \u00een furt de obiecte de patrimoniu, pentru a coopera cu colegii lor olandezi. Asta pe dosarul deschis \u00een Olanda de Poli\u0163ia olandez\u0103. \u00cen acela\u015fi timp, dup\u0103 cum \u015fti\u0163i deja, Parchetul General, \u00eempreun\u0103 cu Poli\u0163ia Rom\u00e2n\u0103, lucreaz\u0103 la un dosar deschis de c\u0103tre Parchetul General asupra acestei fapte penale, \u00een leg\u0103tur\u0103 cu un bun de patrimoniu na\u0163ional rom\u00e2nesc\u201d, a spus Predoiu.Ministrul Afacerilor Interne a explicat c\u0103 \u00een cazul dosarului deschis de poli\u0163ia olandez\u0103, potrivit regulilor europene, deplasarea unor poli\u0163i\u015fti rom\u00e2ni \u00een statul \u00een care s-a comis infrac\u0163iunea se face la solicitarea poli\u0163iei acelui stat, \u00een cazul de fa\u0163\u0103 cea olandez\u0103, \u00een timp ce \u00een cazul dosarului deschis \u00een Rom\u00e2nia, procurorul de caz este cel care decide dac\u0103, la un moment dat, poate urma un task force, o echip\u0103 de dosar care s\u0103 se deplaseze \u00een Olanda pentru investiga\u0163ii.\u201dDar, repet, este strict o chestiune care \u0163ine de cel care conduce dosarul, nu este de nivel ministerial. Mini\u015ftrii, dup\u0103 cum \u015fti\u0163i, nu au atribu\u0163ii concrete \u00een dosarele cooperative. R\u0103m\u00e2ne de v\u0103zut ce va decide Poli\u0163ia olandez\u0103, r\u0103m\u00e2ne de v\u0103zut ce va decide \u015fi procurorul de caz din Rom\u00e2nia, \u00een orice caz ce pot s\u0103 spun, din perspectiva Ministerului Afacerilor Interne, \u00eenc\u0103 de la primele ore de la comiterea jafului am fost \u00een alert\u0103, colegii no\u015ftri de la Poli\u0163ia Rom\u00e2n\u0103 sunt preg\u0103ti\u0163i \u015fi \u00ee\u015fi vor face datoria\u201d, a spus Predoiu.\u00centrebat ce a\u015ftept\u0103ri are de la autorit\u0103\u0163ile olandeze, de la poli\u0163ia olandez\u0103 \u00een acest caz, C\u0103t\u0103lin Predoiu a r\u0103spuns: \u201eA\u015ftept\u0103m maximum de implicare, maximum de priorit\u0103\u0163i, a\u015ftept\u0103m o cooperare deschis\u0103 cu poli\u0163i\u015ftii rom\u00e2ni. Am transmis toate aceste lucruri \u015fi le vom transmite permanent\u201d.Ministrul de Interne a mai spus c\u0103 orice specula\u0163ie \u00een scop politic legat\u0103 de acest incident care, \u201epe bun\u0103 dreptate, creeaz\u0103 emo\u0163ie \u015fi a creat indignare \u015fi m\u00e2hnire fiec\u0103rui rom\u00e2n care cunoa\u015fte istoria na\u0163ional\u0103 \u015fi \u0163ine la ea, este josnic\u0103\u201d.Predoiu a mai spus c\u0103 nu comenteaz\u0103 informa\u0163iile ap\u0103rute \u00een pres\u0103 \u00een leg\u0103tur\u0103 cu posibila implicare a unor rom\u00e2ni \u00een comiterea jafului, fiind informa\u0163ii neoficiale.\u201eNu comentez informa\u0163ii neoficiale. La ora aceasta, tot ce se prime\u015fte oficial de c\u0103tre Poli\u0163ia Rom\u00e2n\u0103 se desf\u0103\u015foar\u0103 \u00een cadrul strict al anchetei, care este gestionat\u0103 de c\u0103tre poli\u0163i\u015fti \u015fi de c\u0103tre procurori\u201d, a \u00eencheiat C\u0103t\u0103lin Predoiu.<\/p>","protected":false},"excerpt":{"rendered":"<p>\u00centr-o interven\u0163ie la un post de televiziune, C\u0103t\u0103lin Predoiu a explicat c\u0103 \u00een privin\u0163a furtului&hellip;<\/p>\n","protected":false},"author":0,"featured_media":26760,"comment_status":"open","ping_status":"open","sticky":false,"template":"","format":"standard","meta":{"footnotes":""},"categories":[2],"tags":[],"class_list":["post-26759","post","type-post","status-publish","format-standard","has-post-thumbnail","hentry","category-actual"],"_links":{"self":[{"href":"https:\/\/247stiri.ro\/index.php\/wp-json\/wp\/v2\/posts\/26759","targetHints":{"allow":["GET"]}}],"collection":[{"href":"https:\/\/247stiri.ro\/index.php\/wp-json\/wp\/v2\/posts"}],"about":[{"href":"https:\/\/247stiri.ro\/index.php\/wp-json\/wp\/v2\/types\/post"}],"replies":[{"embeddable":true,"href":"https:\/\/247stiri.ro\/index.php\/wp-json\/wp\/v2\/comments?post=26759"}],"version-history":[{"count":0,"href":"https:\/\/247stiri.ro\/index.php\/wp-json\/wp\/v2\/posts\/26759\/revisions"}],"wp:featuredmedia":[{"embeddable":true,"href":"https:\/\/247stiri.ro\/index.php\/wp-json\/wp\/v2\/media\/26760"}],"wp:attachment":[{"href":"https:\/\/247stiri.ro\/index.php\/wp-json\/wp\/v2\/media?parent=26759"}],"wp:term":[{"taxonomy":"category","embeddable":true,"href":"https:\/\/247stiri.ro\/index.php\/wp-json\/wp\/v2\/categories?post=26759"},{"taxonomy":"post_tag","embeddable":true,"href":"https:\/\/247stiri.ro\/index.php\/wp-json\/wp\/v2\/tags?post=26759"}],"curies":[{"name":"wp","href":"https:\/\/api.w.org\/{rel}","templated":true}]}}