{"id":26804,"date":"2025-01-27T06:44:47","date_gmt":"2025-01-27T06:44:47","guid":{"rendered":"https:\/\/247stiri.ro\/index.php\/2025\/01\/27\/marius-tuca-politicienii-isi-pazesc-lovitura-de-stat-stiu-ca-va-veni-cineva-sa-ancheteze-nu-am-mai-vazut-atata-nebunie-pe-un-singur-om-calin-georgescu\/"},"modified":"2025-01-27T06:44:47","modified_gmt":"2025-01-27T06:44:47","slug":"marius-tuca-politicienii-isi-pazesc-lovitura-de-stat-stiu-ca-va-veni-cineva-sa-ancheteze-nu-am-mai-vazut-atata-nebunie-pe-un-singur-om-calin-georgescu","status":"publish","type":"post","link":"https:\/\/247stiri.ro\/index.php\/2025\/01\/27\/marius-tuca-politicienii-isi-pazesc-lovitura-de-stat-stiu-ca-va-veni-cineva-sa-ancheteze-nu-am-mai-vazut-atata-nebunie-pe-un-singur-om-calin-georgescu\/","title":{"rendered":"Marius Tuc\u0103: Politicienii \u00ee\u0219i p\u0103zesc lovitura de stat. \u0218tiu c\u0103 va veni cineva s\u0103 ancheteze. Nu am mai v\u0103zut at\u00e2ta nebunie pe un singur om, C\u0103lin Georgescu"},"content":{"rendered":"<p>\u00cen exclusivitate pentru Realitatea PLUS, \u00een cadrul emisiunii Culisele Statului Paralel, Tuc\u0103 a demontat \u00eentreaga schem\u0103 din spatele anul\u0103rii alegerilor \u0219i a spus ce planuri au politicienii de la putere.\u00a0<\/p>\n<p>Pe de alt\u0103 parte, jurnalistul spune c\u0103 nu a mai v\u0103zut niciodat\u0103 atacuri at\u00e2t de feroce \u00eendreptate c\u0103tre un singur om, C\u0103lin Georgescu.\u00a0<\/p>\n<p>&#8222;\u00cen Rom\u00e2nia, \u0103\u0219tia totu\u0219i au c\u00e2\u0219tigat ni\u0219te alegeri, de bine de r\u0103u. Aceast\u0103 coali\u021bie care e de o lun\u0103 la guvernare, zici c\u0103 e de zece ani. \u0218i \u00een cur\u00e2nd \u00ee\u0219i d\u0103 obste\u0219cul sf\u00e2r\u0219it.\u00a0<\/p>\n<p>Din momentul \u00een care ai anulat alegerile preziden\u021biale, \u00een desf\u0103\u0219urare, adic\u0103 ai anulat turul \u00eent\u00e2i \u0219i le-ai anulat \u0219i pe alea care \u00eencepus\u0103, de fapt, c\u0103 \u00eencepuse turul 2, de atunci ei stau ascun\u0219i, de fapt, pentru c\u0103 \u0219tiu c\u0103 au f\u0103cut-o. C\u0103 au f\u0103cut lucrul \u0103sta \u0219i c\u0103 \u00eentr-o zi o s\u0103 vin\u0103 cineva \u0219i s\u0103 verifice, s\u0103 ancheteze. \u00ce\u0219i p\u0103zesc lovitura de stat. Ei au ajuns la putere. Ei ar fi ajuns oricum. PSD-ul, c\u0103 au c\u00e2\u0219tigat alegerile, primul ministru era desemnat. \u0218i atunci stau ascun\u0219i \u0219i spun: a\u0219teapt\u0103 un semn de la Washington. De la Bruxelles, semnele sunt clare: r\u0103m\u00e2ne\u021bi pe pozi\u021bii, nu critic\u0103 nimeni faptul c\u0103 a\u021bi anulat alegerile, interferen\u021ba sau ingerin\u021ba rus\u0103.<\/p>\n<p>Am v\u0103zut un interviu cu \u0219eful de la TikTok pe Europa. Omul a zis: N-am f\u0103cut nimic, nu am v\u0103zut nimic suspect \u00een activitatea TikTok-ului. Nu a venit nimeni s\u0103 investeasc\u0103, s\u0103 dea sume. Adic\u0103 nu s-a \u00eent\u00e2mplat nimic. Minciuna asta e&#8230; s-a terminat de mult.<\/p>\n<p>Eu n-am v\u0103zut \u00een via\u021ba mea, sunt \u00een meseria asta de 35 de ani, at\u00e2ta nebunie pe C\u0103lin Georgescu care este singur. E unul singur care a venit \u0219i a c\u00e2\u0219tigat pe TikTok, cu ghilmele de rigoare. A c\u00e2\u0219tigat \u0219i pe TikTok pentru c\u0103 ei nu \u0219tiau s\u0103 foloseasc\u0103 TikTok-ul&#8221;, a spus Marius Tuc\u0103.<\/p>","protected":false},"excerpt":{"rendered":"<p>\u00cen exclusivitate pentru Realitatea PLUS, \u00een cadrul emisiunii Culisele Statului Paralel, Tuc\u0103 a demontat \u00eentreaga&hellip;<\/p>\n","protected":false},"author":0,"featured_media":26805,"comment_status":"open","ping_status":"open","sticky":false,"template":"","format":"standard","meta":{"footnotes":""},"categories":[3],"tags":[],"class_list":["post-26804","post","type-post","status-publish","format-standard","has-post-thumbnail","hentry","category-politica"],"_links":{"self":[{"href":"https:\/\/247stiri.ro\/index.php\/wp-json\/wp\/v2\/posts\/26804","targetHints":{"allow":["GET"]}}],"collection":[{"href":"https:\/\/247stiri.ro\/index.php\/wp-json\/wp\/v2\/posts"}],"about":[{"href":"https:\/\/247stiri.ro\/index.php\/wp-json\/wp\/v2\/types\/post"}],"replies":[{"embeddable":true,"href":"https:\/\/247stiri.ro\/index.php\/wp-json\/wp\/v2\/comments?post=26804"}],"version-history":[{"count":0,"href":"https:\/\/247stiri.ro\/index.php\/wp-json\/wp\/v2\/posts\/26804\/revisions"}],"wp:featuredmedia":[{"embeddable":true,"href":"https:\/\/247stiri.ro\/index.php\/wp-json\/wp\/v2\/media\/26805"}],"wp:attachment":[{"href":"https:\/\/247stiri.ro\/index.php\/wp-json\/wp\/v2\/media?parent=26804"}],"wp:term":[{"taxonomy":"category","embeddable":true,"href":"https:\/\/247stiri.ro\/index.php\/wp-json\/wp\/v2\/categories?post=26804"},{"taxonomy":"post_tag","embeddable":true,"href":"https:\/\/247stiri.ro\/index.php\/wp-json\/wp\/v2\/tags?post=26804"}],"curies":[{"name":"wp","href":"https:\/\/api.w.org\/{rel}","templated":true}]}}