{"id":26807,"date":"2025-01-27T06:44:48","date_gmt":"2025-01-27T06:44:48","guid":{"rendered":"https:\/\/247stiri.ro\/index.php\/2025\/01\/27\/florin-piersic-implineste-astazi-89-de-ani-actorul-simbol-al-cinematografiei-romanesti-are-o-cariera-de-peste-7-decenii-in-film-teatru-dar-si-in-radio-si-televiziune\/"},"modified":"2025-01-27T06:44:48","modified_gmt":"2025-01-27T06:44:48","slug":"florin-piersic-implineste-astazi-89-de-ani-actorul-simbol-al-cinematografiei-romanesti-are-o-cariera-de-peste-7-decenii-in-film-teatru-dar-si-in-radio-si-televiziune","status":"publish","type":"post","link":"https:\/\/247stiri.ro\/index.php\/2025\/01\/27\/florin-piersic-implineste-astazi-89-de-ani-actorul-simbol-al-cinematografiei-romanesti-are-o-cariera-de-peste-7-decenii-in-film-teatru-dar-si-in-radio-si-televiziune\/","title":{"rendered":"Florin Piersic \u00eempline\u0219te ast\u0103zi 89 de ani! Actorul simbol al cinematografiei rom\u00e2ne\u0219ti are o carier\u0103 de peste 7 decenii \u00een film, teatru, dar \u0219i \u00een radio \u0219i televiziune"},"content":{"rendered":"<p>Iubit si admirat de genera\u021bii \u00eentregi de rom\u00e2ni, Florin Piersic a dat dovad\u0103 c\u0103 are abilitatea de a se adapta \u0219i reinventa ne\u00eencetat, de-a lungul anilor. De la Harap Alb, la M\u0103rgelatu sau Anghel \u0218aptecai, uria\u0219ul artist este, totodat\u0103, o figur\u0103 familiar\u0103 \u0219i pl\u0103cut\u0103 spectatorilor, de la mic la mare, relateaz\u0103 cluj24.ro.<\/p>\n<p>\u00cen cariera sa de peste \u0219ase decenii, Florin Piersic a creat roluri inconfundabile, reu\u0219ind cu m\u0103iestrie s\u0103 se fac\u0103 remarcat \u0219i apreciat at\u00e2t \u00een dram\u0103, comedie, tragedie sau filme cu caracter istoric.<\/p>\n<p>\u00cen ultima perioad\u0103, actorul a avut \u00eens\u0103 parte de o perioad\u0103 mai dificil\u0103 \u0219i asta din punct de vedere al s\u0103n\u0103t\u0103\u021bii, dar a reu\u0219it s\u0103 treac\u0103 cu bine peste momentele grele. O opera\u021bie la genunchi a \u00eenceput seria unor interven\u021bii chirurgicale complexe la care a fost supus, \u00een cursul anului trecut, marele actor.<\/p>\n<p>El a fost operat la genunchi la Spitalul Militar Cluj-Napoca, ulterior fiind transferat la Institutul Inimii din Cluj-Napoca pentru a fi supravegheat de medici, av\u00e2nd un stimulator cardiac.<\/p>\n<p>Ulterior, Florin Piersic a fost transferat de la Cluj-Napoca la Bucure\u015fti, unde a fost ini\u021bial internat la Institutul \u201eMatei Bal\u015f\u201d \u0219i apoi la Spitalul Foi\u0219or. Totodat\u0103, de-a lungul anului 2024, actorul a fost internat \u00een mai multe centre de recuperare din \u021bar\u0103 \u0219i de peste hotare.<\/p>","protected":false},"excerpt":{"rendered":"<p>Iubit si admirat de genera\u021bii \u00eentregi de rom\u00e2ni, Florin Piersic a dat dovad\u0103 c\u0103 are&hellip;<\/p>\n","protected":false},"author":0,"featured_media":26799,"comment_status":"open","ping_status":"open","sticky":false,"template":"","format":"standard","meta":{"footnotes":""},"categories":[2],"tags":[],"class_list":["post-26807","post","type-post","status-publish","format-standard","has-post-thumbnail","hentry","category-actual"],"_links":{"self":[{"href":"https:\/\/247stiri.ro\/index.php\/wp-json\/wp\/v2\/posts\/26807","targetHints":{"allow":["GET"]}}],"collection":[{"href":"https:\/\/247stiri.ro\/index.php\/wp-json\/wp\/v2\/posts"}],"about":[{"href":"https:\/\/247stiri.ro\/index.php\/wp-json\/wp\/v2\/types\/post"}],"replies":[{"embeddable":true,"href":"https:\/\/247stiri.ro\/index.php\/wp-json\/wp\/v2\/comments?post=26807"}],"version-history":[{"count":0,"href":"https:\/\/247stiri.ro\/index.php\/wp-json\/wp\/v2\/posts\/26807\/revisions"}],"wp:featuredmedia":[{"embeddable":true,"href":"https:\/\/247stiri.ro\/index.php\/wp-json\/wp\/v2\/media\/26799"}],"wp:attachment":[{"href":"https:\/\/247stiri.ro\/index.php\/wp-json\/wp\/v2\/media?parent=26807"}],"wp:term":[{"taxonomy":"category","embeddable":true,"href":"https:\/\/247stiri.ro\/index.php\/wp-json\/wp\/v2\/categories?post=26807"},{"taxonomy":"post_tag","embeddable":true,"href":"https:\/\/247stiri.ro\/index.php\/wp-json\/wp\/v2\/tags?post=26807"}],"curies":[{"name":"wp","href":"https:\/\/api.w.org\/{rel}","templated":true}]}}