{"id":26808,"date":"2025-01-27T06:44:48","date_gmt":"2025-01-27T06:44:48","guid":{"rendered":"https:\/\/247stiri.ro\/index.php\/2025\/01\/27\/bacalaureat-2025-incep-probele-de-evaluare-a-competentelor-ce-mesaj-a-transmis-ministrul-educatiei-parintilor-si-profesorilor\/"},"modified":"2025-01-27T06:44:48","modified_gmt":"2025-01-27T06:44:48","slug":"bacalaureat-2025-incep-probele-de-evaluare-a-competentelor-ce-mesaj-a-transmis-ministrul-educatiei-parintilor-si-profesorilor","status":"publish","type":"post","link":"https:\/\/247stiri.ro\/index.php\/2025\/01\/27\/bacalaureat-2025-incep-probele-de-evaluare-a-competentelor-ce-mesaj-a-transmis-ministrul-educatiei-parintilor-si-profesorilor\/","title":{"rendered":"Bacalaureat 2025. \u00cencep probele de evaluare a competen\u021belor. Ce mesaj a transmis ministrul Educa\u021biei p\u0103rin\u021bilor \u0219i profesorilor\u00a0"},"content":{"rendered":"<p>Potrivit calendarului aprobat de Ministerul Educa\u021biei, \u00een intervalul 27 &#8211; 29 ianuarie are loc evaluarea competen\u021belor lingvistice de comunicare oral\u0103 \u00een limba rom\u00e2n\u0103 &#8211; proba A; \u00eentre 29 \u0219i 31 ianuarie vor fi evaluate competen\u021bele lingvistice de comunicare oral\u0103 \u00een limba matern\u0103 &#8211; proba B, care va fi sus\u021binut\u0103 de elevii din partea minorit\u0103\u021bilor na\u021bionale.<\/p>\n<p>De asemenea, \u00een intervalul 3 &#8211; 5 februarie, vor fi evaluate competen\u021bele lingvistice \u00eentr-o limb\u0103 de circula\u021bie interna\u021bional\u0103 &#8211; proba C, iar \u00eentre 5 \u0219i 7 februarie vor fi evaluate competen\u021bele digitale &#8211; proba D.<\/p>\n<p>Elevii beneficiari ai unor burse de studiu \u00een str\u0103in\u0103tate, care nu pot participa la probele A, B, C \u0219i D din cadrul examenului na\u021bional de Bacalaureat &#8211; 2025, \u00een perioada 27 ianuarie &#8211; 7 februarie, le pot sus\u021bine \u00een perioada 30 mai &#8211; 4 iunie.<\/p>\n<p>Conform calendarului aprobat de Ministerul Educa\u021biei, \u00een perioada 2 &#8211; 6 iunie va avea loc \u00eenscrierea candida\u021bilor la probele scrise ale primei sesiuni de examen.<\/p>\n<p>Cursurile claselor terminale de liceu se vor \u00eencheia pe 6 iunie.<\/p>\n<p>Prima prob\u0103 scris\u0103 &#8211; cea la Limba \u0219i literatura rom\u00e2n\u0103 &#8211; se va desf\u0103\u0219ura pe 10 iunie, iar pe 11 iunie va avea loc proba obligatorie a profilului.<\/p>\n<p>Pe 13 iunie, candida\u021bii vor sus\u021bine proba la alegere a profilului \u0219i specializ\u0103rii.<\/p>\n<p>Elevii din partea minorit\u0103\u021bilor na\u021bionale vor sus\u021bine pe 16 iunie proba scris\u0103 la Limba \u0219i literatura matern\u0103.<\/p>\n<p>\u00cen data de 20 iunie se vor afi\u0219a rezultatele la probele scrise (p\u00e2n\u0103 la ora 12,00). Cei care vor dori s\u0103 depun\u0103 contesta\u021bii pot s\u0103 vizualizeze lucr\u0103rile \u00een intervalul orar 14,00 &#8211; 18,00, dar \u0219i \u00een zilele de 23 \u0219i 24 iunie.<\/p>\n<p>Rezultatele finale vor fi afi\u0219ate pe 30 iunie.<\/p>\n<p>Ministrul Educa\u021biei \u0219i Cercet\u0103rii, Daniel David, a transmis un mesaj elevilor \u00eenainte de \u00eenceperea probelor de evaluare a competen\u021belor.<\/p>\n<p>&#8216;\u00cen zilele urm\u0103toare ve\u021bi participa la probele de evaluare a competen\u021belor (probele A, B, C, D) din cadrul examenului na\u021bional de Bacalaureat 2025 &#8211; prima sesiune. Metodologia este una elaborat\u0103 \u00een anul 2024, pe care, din respect pentru voi \u0219i pentru procesul \u00eenceput, nu am modificat-o. Dar am monitorizat mereu lucrurile, mai ales c\u0103 metodologia este una nou\u0103, iar pe baza feedback-urilor din \u0219coli, f\u0103r\u0103 s\u0103 schimb metodologia, am \u00eencercat s\u0103 facilitez implementarea acesteia prin diverse decizii administrative care s\u0103 eficientizeze lucrurile. \u0218i o voi mai face c\u00e2nd este cazul de dragul de a crea contextul cel mai bun pe care \u00eel putem avea \u00een condi\u021biile sistemului nostru educa\u021bional pentru a v\u0103 putea exprima c\u00e2t mai bine competen\u021bele dob\u00e2ndite&#8217;, a scris Daniel David joia trecut\u0103 pe Facebook.<\/p>\n<p>Daniel David i-a sf\u0103tuit pe participan\u021bii la examen s\u0103 nu se team\u0103 de propriile emo\u021bii, dar nici s\u0103 nu se \u00eengrijoreze mai mult dec\u00e2t este cazul, deoarece asta nu ajut\u0103.<\/p>\n<p>&#8216;Doar fi\u021bi curajo\u0219i \u0219i \u00eencrez\u0103tori \u0219i da\u021bi to\u021bi ce ave\u021bi mai bun la momentul examin\u0103rilor! Celor care ve\u021bi ob\u021bine performan\u021ba a\u0219teptat\u0103 v\u0103 spun de pe acum felicit\u0103ri! Celor care nu ve\u021bi atinge performanta a\u0219teptat\u0103 v\u0103 reamintesc c\u0103, de\u0219i este o evaluare important\u0103, aceasta nu v\u0103 define\u0219te valoarea personal\u0103, ci doar performan\u021ba punctual\u0103; s\u0103 \u00eenv\u0103\u021b\u0103m din rezultat \u0219i s\u0103 \u00eencerc\u0103m s\u0103-l folosim c\u00e2t mai \u00een\u021belept! A\u0219adar, dori\u021bi-v\u0103 s\u0103 reu\u0219i\u021bi \u0219i da\u021bi tot ce pute\u021bi, accept\u00e2nd \u00eens\u0103 c\u0103, dac\u0103 nu se \u00eent\u00e2mpl\u0103 s\u0103 ob\u021bine\u021bi performan\u021ba dorit\u0103, poate exista totu\u0219i un c\u00e2\u0219tig personal, \u00een spiritul vorbelor \u00een\u021belepte ale lui Nelson Mandela: &#8216;Eu nu pierd niciodat\u0103. Fie c\u00e2\u0219tig, fie \u00eenv\u0103\u021b!&#8217; &#8216;, a mai spus Daniel David.<\/p>\n<p>\u00a0<\/p>","protected":false},"excerpt":{"rendered":"<p>Potrivit calendarului aprobat de Ministerul Educa\u021biei, \u00een intervalul 27 &#8211; 29 ianuarie are loc evaluarea&hellip;<\/p>\n","protected":false},"author":0,"featured_media":26809,"comment_status":"open","ping_status":"open","sticky":false,"template":"","format":"standard","meta":{"footnotes":""},"categories":[2],"tags":[],"class_list":["post-26808","post","type-post","status-publish","format-standard","has-post-thumbnail","hentry","category-actual"],"_links":{"self":[{"href":"https:\/\/247stiri.ro\/index.php\/wp-json\/wp\/v2\/posts\/26808","targetHints":{"allow":["GET"]}}],"collection":[{"href":"https:\/\/247stiri.ro\/index.php\/wp-json\/wp\/v2\/posts"}],"about":[{"href":"https:\/\/247stiri.ro\/index.php\/wp-json\/wp\/v2\/types\/post"}],"replies":[{"embeddable":true,"href":"https:\/\/247stiri.ro\/index.php\/wp-json\/wp\/v2\/comments?post=26808"}],"version-history":[{"count":0,"href":"https:\/\/247stiri.ro\/index.php\/wp-json\/wp\/v2\/posts\/26808\/revisions"}],"wp:featuredmedia":[{"embeddable":true,"href":"https:\/\/247stiri.ro\/index.php\/wp-json\/wp\/v2\/media\/26809"}],"wp:attachment":[{"href":"https:\/\/247stiri.ro\/index.php\/wp-json\/wp\/v2\/media?parent=26808"}],"wp:term":[{"taxonomy":"category","embeddable":true,"href":"https:\/\/247stiri.ro\/index.php\/wp-json\/wp\/v2\/categories?post=26808"},{"taxonomy":"post_tag","embeddable":true,"href":"https:\/\/247stiri.ro\/index.php\/wp-json\/wp\/v2\/tags?post=26808"}],"curies":[{"name":"wp","href":"https:\/\/api.w.org\/{rel}","templated":true}]}}