{"id":26822,"date":"2025-01-27T07:44:47","date_gmt":"2025-01-27T07:44:47","guid":{"rendered":"https:\/\/247stiri.ro\/index.php\/2025\/01\/27\/un-nou-eveniment-major-anuntat-pentru-romani-calin-georgescu-foarte-curand-va-voi-invita-la-hora-biruintei\/"},"modified":"2025-01-27T07:44:47","modified_gmt":"2025-01-27T07:44:47","slug":"un-nou-eveniment-major-anuntat-pentru-romani-calin-georgescu-foarte-curand-va-voi-invita-la-hora-biruintei","status":"publish","type":"post","link":"https:\/\/247stiri.ro\/index.php\/2025\/01\/27\/un-nou-eveniment-major-anuntat-pentru-romani-calin-georgescu-foarte-curand-va-voi-invita-la-hora-biruintei\/","title":{"rendered":"Un nou eveniment major, anun\u021bat pentru rom\u00e2ni. C\u0103lin Georgescu: Foarte cur\u00e2nd v\u0103 voi invita la HORA BIRUIN\u021aEI"},"content":{"rendered":"<p>&#8222;Dragii mei, buna seara! Va multumesc din suflet pentru <a href=\"https:\/\/www.realitatea.net\/stiri\/politica\/marea-unire-a-neamului-in-zi-de-mare-sarbatoare-calin-georgescu-va-fi-alaturi-de-poporul-roman-mii-de-oamenii-din-nou-in-strada_6793272e1b07dc14522990d2\" target=\"_blank\">Marea Hora a Unirii Neamului<\/a>. A fost inaltator. A fost de vis. A fost un legamant sfant prin care noi, poporul roman, vom juca de acuma incolo asa cu ne canta-n inima istoria neamului. Si nimeni nu mai poate desface ceea ce a construit Dumnezeu.\u00a0<\/p>\n<p>A fost vrema cu noi, a fost iubirea cu noi, a fost fratia cu noi, a fost iertarea cu noi. Si peste noi toti au fost porumbeii, simbol al eroilor neamului, al stramosilor, al sfintilor care sunt cu noi.\u00a0<\/p>\n<p>Foarte curand am sa va invit la hora biruintei, la hora care va pecetlui eternitatea, pacea, belsugul si armonia poporului roman. Va multumesc!&#8221;, a transmis Calin Georgescu.\u00a0<\/p>\n<p><a href=\"https:\/\/www.realitatea.net\/stiri\/actual\/romanii-vin-in-numar-mare-la-marea-hora-a-unirii-neamului-din-parcul-tineretului-pentru-a-fi-alaturi-de-presedintele-ales-calin-georgescu_67920c5b1ee7cd65235ca132\" target=\"_blank\">Rom\u00e2nii vin \u00een num\u0103r mare la Marea Hor\u0103 a Unirii Neamului din Parcul Tineretului, pentru a fi al\u0103turi de pre\u0219edintele ales C\u0103lin Georgescu<\/a><\/p>","protected":false},"excerpt":{"rendered":"<p>&#8222;Dragii mei, buna seara! Va multumesc din suflet pentru Marea Hora a Unirii Neamului. A&hellip;<\/p>\n","protected":false},"author":0,"featured_media":26823,"comment_status":"open","ping_status":"open","sticky":false,"template":"","format":"standard","meta":{"footnotes":""},"categories":[3],"tags":[],"class_list":["post-26822","post","type-post","status-publish","format-standard","has-post-thumbnail","hentry","category-politica"],"_links":{"self":[{"href":"https:\/\/247stiri.ro\/index.php\/wp-json\/wp\/v2\/posts\/26822","targetHints":{"allow":["GET"]}}],"collection":[{"href":"https:\/\/247stiri.ro\/index.php\/wp-json\/wp\/v2\/posts"}],"about":[{"href":"https:\/\/247stiri.ro\/index.php\/wp-json\/wp\/v2\/types\/post"}],"replies":[{"embeddable":true,"href":"https:\/\/247stiri.ro\/index.php\/wp-json\/wp\/v2\/comments?post=26822"}],"version-history":[{"count":0,"href":"https:\/\/247stiri.ro\/index.php\/wp-json\/wp\/v2\/posts\/26822\/revisions"}],"wp:featuredmedia":[{"embeddable":true,"href":"https:\/\/247stiri.ro\/index.php\/wp-json\/wp\/v2\/media\/26823"}],"wp:attachment":[{"href":"https:\/\/247stiri.ro\/index.php\/wp-json\/wp\/v2\/media?parent=26822"}],"wp:term":[{"taxonomy":"category","embeddable":true,"href":"https:\/\/247stiri.ro\/index.php\/wp-json\/wp\/v2\/categories?post=26822"},{"taxonomy":"post_tag","embeddable":true,"href":"https:\/\/247stiri.ro\/index.php\/wp-json\/wp\/v2\/tags?post=26822"}],"curies":[{"name":"wp","href":"https:\/\/api.w.org\/{rel}","templated":true}]}}