{"id":26825,"date":"2025-01-27T07:44:49","date_gmt":"2025-01-27T07:44:49","guid":{"rendered":"https:\/\/247stiri.ro\/index.php\/2025\/01\/27\/furtul-tezaurului-lucian-romascanu-psd-olandezii-sa-ne-aduca-tezaurul-inapoi\/"},"modified":"2025-01-27T07:44:49","modified_gmt":"2025-01-27T07:44:49","slug":"furtul-tezaurului-lucian-romascanu-psd-olandezii-sa-ne-aduca-tezaurul-inapoi","status":"publish","type":"post","link":"https:\/\/247stiri.ro\/index.php\/2025\/01\/27\/furtul-tezaurului-lucian-romascanu-psd-olandezii-sa-ne-aduca-tezaurul-inapoi\/","title":{"rendered":"Furtul TEZAURULUI. Lucian Roma\u0219canu (PSD): \u201eOlandezii s\u0103 ne aduc\u0103 tezaurul \u00eenapoi!\u201d"},"content":{"rendered":"<p>Lucian Roma\u0219canu (PSD), fost ministru al Culturii, a catalogat\u00a0<a href=\"https:\/\/www.realitatea.net\/stiri\/actual\/alerta-internationala-mae-cere-sprijinul-interpol-unde-au-ajuns-averile-tarii-si-cine-e-in-spatele-operatiunii-jafului-de-la-muzeu_67966f9ed8ecc626e74ffc9a\" target=\"_blank\">furtul tezaurului dacic<\/a>\u00a0dintr-un muzeu olandez ca fiind \u201eun dezastru na\u021bional\u201d pentru Rom\u00e2nia. Acesta a mai afirmat c\u0103 vinovat este statul olandez, care ar fi trebuit s\u0103 asigure paza \u0219i protec\u021bia acestor piese valoroase. Roma\u0219canu a mai sus\u021binut c\u0103 se a\u0219teapt\u0103 ca persoanele publice s\u0103 nu exploateze politic aceast\u0103 situa\u021bie, ci s\u0103 cear\u0103 statului olandez s\u0103 ne aduc\u0103 \u00eenapoi tezaurul dacic.<\/p>\n<p>\u201eCeea ce s-a \u00eent\u00e2mplat \u00een Olanda cu furtul tezaurului dacic este, f\u0103r\u0103 exagerare, un dezastru na\u021bional!<\/p>\n<p>Nu voi detalia aici ce reprezint\u0103 artefactele furate \u0219i care sunt consecin\u021bele. Nu intru nici \u00een detaliile furtului.<\/p>\n<p>Se vorbe\u0219te \u00een toate mediile despre vinova\u021bi, ace\u0219tia fiind exclusiv rom\u00e2ni, guvern sau muzeu, autorit\u0103\u021bi de diverse nivele.<\/p>\n<p>P\u00e2n\u0103 vom afla r\u0103spunsurile legate de destina\u021bia expozi\u021biei, oportunitatea alegerii acestui muzeu, legate de deciziile luate, exist\u0103 CU CERTITUDINE un vinovat principal: partenerul olandez, statul olandez, care trebuia \u0219i contractual \u0219i moral s\u0103 asigure cea mai strict\u0103 paz\u0103!<\/p>\n<p>C\u00e2nd ai o asemenea comoar\u0103 la tine \u00een \u021bar\u0103 trebuie s\u0103 te ridici la nivelul obliga\u021biilor pe care le ai \u00een urma solicit\u0103rii tale de a g\u0103zdui o asemenea expozi\u021bie\u201d, a scris fostul ministru al Culturii,\u00a0pe Facebook.<\/p>\n\n<p>\u00a0<\/p>\n<p>Lucian Roma\u0219canu a amintit \u00een final de alte expozi\u021bii organizate de alte \u021b\u0103ri, inclusiv din Rom\u00e2nia, care nu s-au terminat astfel, c\u0103ci statele gazd\u0103 \u0219i-au f\u0103cut datoria.<\/p>\n<p>\u201eVreau s\u0103 v\u0103d c\u0103 vocile care caut\u0103 azi vinova\u021bi nu exploateaz\u0103 politic aceast\u0103 tragedie \u0219i s\u0103 cerem principalului vinovat, partenerul olandez, care nu \u0219i-a respectat nici contractul, nici cuv\u00e2ntul, s\u0103 ne aduc\u0103 tezaurul \u00eenapoi!<\/p>\n<p>P.S. Aceast\u0103 expozi\u021bie a fost \u00een diverse capitale (am v\u0103zut-o personal la Lisabona \u0219i Roma), Br\u00e2ncu\u0219i a fost \u0219i la Timi\u0219oara dar \u0219i la Bruxelles \u00een 2019 (cu valoare de asigurare de 1 miliard de EURO!), am avut Picasso \u00een Bucure\u0219ti, toat\u0103 lumea\u00a0<a href=\"https:\/\/www.realitatea.net\/stiri\/actual\/avocat-contractul-dintre-autoritatile-romane-si-cele-olandeze-trebuia-aprobat-prin-hg-daca-se-face-exportul-in-alte-conditii-se-considera-ca-e-ilegal_679717a97555e47601061198\" target=\"_blank\">\u0219i-a f\u0103cut datoria<\/a>. De aceast\u0103 dat\u0103, nu!\u201d, a mai scris Lucian Roma\u0219canu, pe Facebook.<\/p>","protected":false},"excerpt":{"rendered":"<p>Lucian Roma\u0219canu (PSD), fost ministru al Culturii, a catalogat\u00a0furtul tezaurului dacic\u00a0dintr-un muzeu olandez ca fiind&hellip;<\/p>\n","protected":false},"author":0,"featured_media":26819,"comment_status":"open","ping_status":"open","sticky":false,"template":"","format":"standard","meta":{"footnotes":""},"categories":[2],"tags":[],"class_list":["post-26825","post","type-post","status-publish","format-standard","has-post-thumbnail","hentry","category-actual"],"_links":{"self":[{"href":"https:\/\/247stiri.ro\/index.php\/wp-json\/wp\/v2\/posts\/26825","targetHints":{"allow":["GET"]}}],"collection":[{"href":"https:\/\/247stiri.ro\/index.php\/wp-json\/wp\/v2\/posts"}],"about":[{"href":"https:\/\/247stiri.ro\/index.php\/wp-json\/wp\/v2\/types\/post"}],"replies":[{"embeddable":true,"href":"https:\/\/247stiri.ro\/index.php\/wp-json\/wp\/v2\/comments?post=26825"}],"version-history":[{"count":0,"href":"https:\/\/247stiri.ro\/index.php\/wp-json\/wp\/v2\/posts\/26825\/revisions"}],"wp:featuredmedia":[{"embeddable":true,"href":"https:\/\/247stiri.ro\/index.php\/wp-json\/wp\/v2\/media\/26819"}],"wp:attachment":[{"href":"https:\/\/247stiri.ro\/index.php\/wp-json\/wp\/v2\/media?parent=26825"}],"wp:term":[{"taxonomy":"category","embeddable":true,"href":"https:\/\/247stiri.ro\/index.php\/wp-json\/wp\/v2\/categories?post=26825"},{"taxonomy":"post_tag","embeddable":true,"href":"https:\/\/247stiri.ro\/index.php\/wp-json\/wp\/v2\/tags?post=26825"}],"curies":[{"name":"wp","href":"https:\/\/api.w.org\/{rel}","templated":true}]}}