{"id":26842,"date":"2025-01-27T08:44:49","date_gmt":"2025-01-27T08:44:49","guid":{"rendered":"https:\/\/247stiri.ro\/index.php\/2025\/01\/27\/tezaurul-furat-cine-sunt-suspectii-jafului-de-la-muzeul-din-olanda\/"},"modified":"2025-01-27T08:44:49","modified_gmt":"2025-01-27T08:44:49","slug":"tezaurul-furat-cine-sunt-suspectii-jafului-de-la-muzeul-din-olanda","status":"publish","type":"post","link":"https:\/\/247stiri.ro\/index.php\/2025\/01\/27\/tezaurul-furat-cine-sunt-suspectii-jafului-de-la-muzeul-din-olanda\/","title":{"rendered":"TEZAURUL furat. Cine sunt suspec\u021bii jafului de la muzeul din Olanda?"},"content":{"rendered":"<p>Poli\u021bia este pe urmele autorilor spectaculosului jaf de art\u0103 comis s\u00e2mb\u0103t\u0103 diminea\u021b\u0103 la Muzeul Drents din Assen, anun\u021b\u0103 De Telegraaf. Ei au aflat de unde a fost furat\u0103 ma\u0219ina, iar poli\u021bia investigheaz\u0103 o persoan\u0103 care a avut un comportament suspect la expozi\u021bia Dacia cu pu\u021bin timp \u00eenainte de jaful de aur.<\/p>\n<p>Ma\u0219ina g\u0103sit\u0103 ars\u0103 l\u00e2ng\u0103 Rolde a fost furat\u0103 \u00een Alkmaar pe 23 sau 24 ianuarie. \u00cen prezent, poli\u021bia a primit cel pu\u021bin 60 de informa\u021bii cu privire la jaf. O echipa format\u0103 din 20 p\u00e2n\u0103 la 35 de ofi\u021beri de poli\u021bie lucreaz\u0103 la acest jaf care a devenit \u0219tire mondial\u0103.<\/p>\n<p>Sub o mare presiune interna\u021bional\u0103, poli\u021bia \u00eei v\u00e2neaz\u0103 pe ho\u021bii care au fugit cu comori de art\u0103 din aur extrem de valoroase din Rom\u00e2nia. Rom\u00e2nia este bulversat\u0103 din cauza jafului, precizeaz\u0103\u00a0<a href=\"https:\/\/www.telegraaf.nl\/nieuws\/1175984345\/gigantische-buit-internationale-druk-en-groot-onderzoek-spectaculaire-kunstroof-drents-museum-laat-kunstwereld-op-grondvesten-schudden\">De Telegraaf<\/a>.<\/p>\n<p>Cu bun\u0103 credin\u021b\u0103, 15 muzee au \u00eemprumutat Muzeului Drents din Assen, pentru expozi\u021bia Dacia, un tezaur inimaginabil de aur \u0219i argint format din 650 de obiecte din antichitatea rom\u00e2neasc\u0103. Pies\u0103 de rezisten\u021b\u0103: faimosul coif de aur de la Co\u021bofene\u0219ti. Un kilogram de aur pur, dar mai ales un coif cu o valoare cultural-istoric\u0103 enorm\u0103.<\/p>\n<p>\u201e\u021a\u0103rile de Jos vor face tot posibilul pentru a recupera obiectele \u0219i pentru a depista \u0219i pedepsi autorii\u201d, a declarat ministrul Eppo Bruins (Cultur\u0103) c\u0103 reac\u021bie la jaf. El a luat act de jaf \u201ecu consternare\u201d. \u00cen Rom\u00e2nia, lumea artei, mass-media \u0219i politic\u0103 sunt \u00een fierbere. Exist\u0103 multe \u00eentreb\u0103ri, de ce comori de aur at\u00e2t de importante \u0219i valoroase au fost \u00eemprumutate unui muzeu relativ mic \u0219i c\u0103 securitatea a fost minim\u0103. Se pare c\u0103 nici m\u0103car un agent de securitate nu a fost prezent \u00een muzeu.<\/p>\n<p>\u00a0<\/p>\n<p>Poli\u021bia s-a mobilizat rapid s\u00e2mb\u0103t\u0103 diminea\u021b\u0103 \u0219i a pus la dispozi\u021bie la fel de mul\u021bi oameni \u0219i expertiz\u0103 pentru jaf c\u0103 \u00eentr-un caz de crim\u0103. Echipa de poli\u021bie este format\u0103 din 35 de detectivi tactici, speciali\u0219ti criminali\u0219ti \u0219i membri ai Echipei Na\u021bionale de Art\u0103 din cadrul Unit\u0103\u021bii Na\u021bionale de Expertiz\u0103 \u0219i Opera\u021biuni. Exist\u0103, de asemenea, un contact str\u00e2ns cu poli\u021bia rom\u00e2n\u0103.<\/p>\n<p>At\u00e2t poli\u021bia olandez\u0103, c\u00e2t \u0219i cea rom\u00e2n\u0103 nu exclud posibilitatea c\u0103 \u00een spatele jafului s\u0103 se afle infractori str\u0103ini \u0219i c\u0103 a fost o spargere foarte bine \u021bintit\u0103, av\u00e2nd c\u0103 \u021bint\u0103 principala casc\u0103 de aur. Ace\u0219tia ar putea fi rom\u00e2ni, dar este men\u021bionat \u0219i celebrul clan Remmo din Germania: un clan de origine libanezo-kurd\u0103 care a comis \u00een ultimii ani \u00een mai multe r\u00e2nduri spectaculoase jafuri de art\u0103 \u00een Germania.<\/p>\n<p>Pres\u0103 olandez\u0103 a confirmat c\u0103 acest individ este suspect, imaginile fiind surprinse cu cinci zile \u00eenainte de jaf.<\/p>\n<p>\u00a0<\/p>\n<p>Echipa este pe urmele celor trei \u0219i posibil patru f\u0103pta\u0219i. Este o cursa contra cronometru cu o dilema diabolic\u0103. Exist\u0103 \u0219anse c\u0103 autorii s\u0103 vrea s\u0103 topeasc\u0103 br\u0103\u021b\u0103rile \u0219i coiful, a\u0219a c\u0103 vitez\u0103 este esen\u021bial\u0103. Pe de alt\u0103 parte, o arestare rapid\u0103 ar putea fi dezastruoas\u0103 pentru o anchet\u0103 asupra celorlal\u021bi implica\u021bi.<\/p>","protected":false},"excerpt":{"rendered":"<p>Poli\u021bia este pe urmele autorilor spectaculosului jaf de art\u0103 comis s\u00e2mb\u0103t\u0103 diminea\u021b\u0103 la Muzeul Drents&hellip;<\/p>\n","protected":false},"author":0,"featured_media":26835,"comment_status":"open","ping_status":"open","sticky":false,"template":"","format":"standard","meta":{"footnotes":""},"categories":[2],"tags":[],"class_list":["post-26842","post","type-post","status-publish","format-standard","has-post-thumbnail","hentry","category-actual"],"_links":{"self":[{"href":"https:\/\/247stiri.ro\/index.php\/wp-json\/wp\/v2\/posts\/26842","targetHints":{"allow":["GET"]}}],"collection":[{"href":"https:\/\/247stiri.ro\/index.php\/wp-json\/wp\/v2\/posts"}],"about":[{"href":"https:\/\/247stiri.ro\/index.php\/wp-json\/wp\/v2\/types\/post"}],"replies":[{"embeddable":true,"href":"https:\/\/247stiri.ro\/index.php\/wp-json\/wp\/v2\/comments?post=26842"}],"version-history":[{"count":0,"href":"https:\/\/247stiri.ro\/index.php\/wp-json\/wp\/v2\/posts\/26842\/revisions"}],"wp:featuredmedia":[{"embeddable":true,"href":"https:\/\/247stiri.ro\/index.php\/wp-json\/wp\/v2\/media\/26835"}],"wp:attachment":[{"href":"https:\/\/247stiri.ro\/index.php\/wp-json\/wp\/v2\/media?parent=26842"}],"wp:term":[{"taxonomy":"category","embeddable":true,"href":"https:\/\/247stiri.ro\/index.php\/wp-json\/wp\/v2\/categories?post=26842"},{"taxonomy":"post_tag","embeddable":true,"href":"https:\/\/247stiri.ro\/index.php\/wp-json\/wp\/v2\/tags?post=26842"}],"curies":[{"name":"wp","href":"https:\/\/api.w.org\/{rel}","templated":true}]}}