{"id":26844,"date":"2025-01-27T08:44:50","date_gmt":"2025-01-27T08:44:50","guid":{"rendered":"https:\/\/247stiri.ro\/index.php\/2025\/01\/27\/amintiri-din-infern-80-de-ani-de-la-eliberarea-lagarului-de-la-auschwitz-marturii-ale-supravietuitorilor-video\/"},"modified":"2025-01-27T08:44:50","modified_gmt":"2025-01-27T08:44:50","slug":"amintiri-din-infern-80-de-ani-de-la-eliberarea-lagarului-de-la-auschwitz-marturii-ale-supravietuitorilor-video","status":"publish","type":"post","link":"https:\/\/247stiri.ro\/index.php\/2025\/01\/27\/amintiri-din-infern-80-de-ani-de-la-eliberarea-lagarului-de-la-auschwitz-marturii-ale-supravietuitorilor-video\/","title":{"rendered":"Amintiri din infern. 80 de ani de la eliberarea lag\u0103rului de la Auschwitz. M\u0103rturii ale supravie\u021buitorilor VIDEO"},"content":{"rendered":"<p>Pentru a marca importan\u021ba istoric\u0103 a eliber\u0103rii lag\u0103rului Auschwitz Birkenau, Organiza\u021bia Na\u021biunilor Unite a stabilit ca la aceast\u0103 dat\u0103 s\u0103 fie celebrat\u0103 anual Ziua interna\u021bional\u0103 de comemorare a victimelor Holocaustului.<\/p>\n<p>\u00cen anul 2005, Adunarea General\u0103 a Organiza\u021biei Na\u021biunilor Unite a adoptat, prin consens, rezolu\u021bia prin care condamn\u0103 negarea Holocaustului, fie \u00een totalitate, fie par\u021bial, ca eveniment istoric.<\/p>\n<p>Adoptat\u0103 la 1 noiembrie 2005, aceasta respinge orice form\u0103 de intoleran\u021b\u0103 religioas\u0103, incitare la ur\u0103, h\u0103r\u021buire sau violen\u021b\u0103 \u00eempotriva persoanelor sau comunit\u0103\u021bilor, bazat\u0103 pe origine etnic\u0103 sau de credin\u021b\u0103.<\/p>\n<p>Holocaustul reprezint\u0103 unul dintre cele mai mari masacre etnice din istorie. \u00cen timpul celui de-Al Doilea R\u0103zboi Mondial, aproximativ \u0219ase milioane de evrei au fost extermina\u021bi sistematic, al\u0103turi de alte milioane de victime apar\u021bin\u00e2nd diferitelor grupuri etnice, religioase \u0219i sociale, \u00een cadrul unei campanii de persecu\u021bie \u0219i genocid orchestrat\u0103 de regimul nazist.<\/p>\n<p>Preo\u021bi rom\u00e2ni, salvatori de la moarte ai evreilor<\/p>\n<p>\u00cen contextul celui de-Al Doilea R\u0103zboi Mondial, c\u00e2nd regimul horthyst amenin\u021ba popula\u021bia evreiasc\u0103 cu exterminarea, mai mul\u021bi oameni ai Bisericii, au jucat un rol esen\u021bial \u00een salvarea acestora.<\/p>\n<p>Recent canonizat de Biserica Ortodox\u0103 Rom\u00e2n\u0103, Sf\u00e2ntul Preot Mucenic Liviu Galaction de la Cluj a salvat de la moarte trei tineri evrei, prin \u00eenscrierea acestora la Academia Teologic\u0103.<\/p>\n<p>\u201e\u0218tiu c\u0103 tata a contribuit la \u00eenscrierea \u00een Academia Teologic\u0103 a trei tineri evrei \u0219i, \u00een acest fel, la trecerea lor peste grani\u021b\u0103, p\u00e2n\u0103 la Sibiu, sc\u0103p\u00e2ndu-i de la deportare \u0219i de la o moarte aproape sigur\u0103\u201d,\u00a0<a href=\"https:\/\/radiorenasterea.ro\/parintele-liviu-galaction-munteanu-un-martir-in-temnitele-comuniste\/\">a m\u0103rturisit<\/a>\u00a0Lia Munteanu Dr\u0103g\u0103nescu, fiica sf\u00e2ntului martir.<\/p>\n<p><a href=\"https:\/\/basilica.ro\/se-implinesc-80-de-ani-de-la-eliberarea-lagarului-de-la-auschwitz\/\" target=\"_blank\">SURSA<\/a><\/p>","protected":false},"excerpt":{"rendered":"<p>Pentru a marca importan\u021ba istoric\u0103 a eliber\u0103rii lag\u0103rului Auschwitz Birkenau, Organiza\u021bia Na\u021biunilor Unite a stabilit&hellip;<\/p>\n","protected":false},"author":0,"featured_media":26837,"comment_status":"open","ping_status":"open","sticky":false,"template":"","format":"standard","meta":{"footnotes":""},"categories":[2],"tags":[],"class_list":["post-26844","post","type-post","status-publish","format-standard","has-post-thumbnail","hentry","category-actual"],"_links":{"self":[{"href":"https:\/\/247stiri.ro\/index.php\/wp-json\/wp\/v2\/posts\/26844","targetHints":{"allow":["GET"]}}],"collection":[{"href":"https:\/\/247stiri.ro\/index.php\/wp-json\/wp\/v2\/posts"}],"about":[{"href":"https:\/\/247stiri.ro\/index.php\/wp-json\/wp\/v2\/types\/post"}],"replies":[{"embeddable":true,"href":"https:\/\/247stiri.ro\/index.php\/wp-json\/wp\/v2\/comments?post=26844"}],"version-history":[{"count":0,"href":"https:\/\/247stiri.ro\/index.php\/wp-json\/wp\/v2\/posts\/26844\/revisions"}],"wp:featuredmedia":[{"embeddable":true,"href":"https:\/\/247stiri.ro\/index.php\/wp-json\/wp\/v2\/media\/26837"}],"wp:attachment":[{"href":"https:\/\/247stiri.ro\/index.php\/wp-json\/wp\/v2\/media?parent=26844"}],"wp:term":[{"taxonomy":"category","embeddable":true,"href":"https:\/\/247stiri.ro\/index.php\/wp-json\/wp\/v2\/categories?post=26844"},{"taxonomy":"post_tag","embeddable":true,"href":"https:\/\/247stiri.ro\/index.php\/wp-json\/wp\/v2\/tags?post=26844"}],"curies":[{"name":"wp","href":"https:\/\/api.w.org\/{rel}","templated":true}]}}