{"id":26845,"date":"2025-01-27T08:44:50","date_gmt":"2025-01-27T08:44:50","guid":{"rendered":"https:\/\/247stiri.ro\/index.php\/2025\/01\/27\/ipoteza-noua-luata-in-calcul-de-autoritati-unii-dintre-hotii-tezaurului-ar-putea-fi-romani-clanul-din-spatele-jafului-proba-cheie\/"},"modified":"2025-01-27T08:44:50","modified_gmt":"2025-01-27T08:44:50","slug":"ipoteza-noua-luata-in-calcul-de-autoritati-unii-dintre-hotii-tezaurului-ar-putea-fi-romani-clanul-din-spatele-jafului-proba-cheie","status":"publish","type":"post","link":"https:\/\/247stiri.ro\/index.php\/2025\/01\/27\/ipoteza-noua-luata-in-calcul-de-autoritati-unii-dintre-hotii-tezaurului-ar-putea-fi-romani-clanul-din-spatele-jafului-proba-cheie\/","title":{"rendered":"Ipotez\u0103 nou\u0103 luat\u0103 \u00een calcul de autorit\u0103\u021bi: unii dintre ho\u021bii tezaurului ar putea fi rom\u00e2ni. CLANUL din spatele jafului &#8211; proba cheie"},"content":{"rendered":"<p>Autorii jafului tezaurului dacic de la Muzeul Drents din Olanda \u00eenc\u0103 nu au fost identifica\u0163i de autorit\u0103\u0163i. Acum, exist\u0103 informa\u0163ii potrivit c\u0103rora autorii jafului ar fi fugit \u00een Germania, iar poli\u0163i\u015ftii olandezi nu exclud varianta ca printre ho\u0163i s\u0103 se afle \u015fi rom\u00e2ni.<\/p>\n<p><a href=\"https:\/\/www.realitatea.net\/stiri\/actual\/avocat-contractul-dintre-autoritatile-romane-si-cele-olandeze-trebuia-aprobat-prin-hg-daca-se-face-exportul-in-alte-conditii-se-considera-ca-e-ilegal_679717a97555e47601061198\" target=\"_blank\">Avocat: Contractul dintre autorit\u0103\u021bile rom\u00e2ne \u0219i cele olandeze trebuia aprobat prin HG. Dac\u0103 se face exportul \u00een alte condi\u021bii, se consider\u0103 c\u0103 e ILEGAL<\/a><\/p>\n<p>Poli\u021bia din Nordul Olandei a aflat mai multe despre ma\u0219ina care a fost folosit\u0103 \u00een spectaculosul furt al aurului dacic din cadrul expozi\u021biei \u201eDacia! Regatul aurului \u0219i argintului\u201d de la Muzeul Drents. Este vorba despre un Volkswagen Golf de culoare gri \u00eenchis, furat.\u00a0<\/p>\n<p>Ma\u0219ina a fost g\u0103sit\u0103 incendiat\u0103 sub viaductul N33, la Grollo\u00ebrstraat, l\u00e2ng\u0103 Rolde.<\/p>\n<p>Anchet\u0103 de amploare: pista pe care merg poli\u021bi\u0219tii\u00a0<\/p>\n<p>Poli\u0163ia este pe urmele celor trei ho\u0163i care au intrat, s\u00e2mb\u0103t\u0103 diminea\u0163a, \u00een Muzeul Drents, din Assen, cu un dispozitiv exploziv \u015fi au furat obiecte de valoare din aur, printre care \u015fi coiful de la Co\u0163ofene\u015fti \u015fi trei br\u0103\u0163\u0103ri dacice.<\/p>\n<p>Ziarul olandez De Telegraaf relateaz\u0103 faptul c\u0103 exist\u0103 suficiente piste cu ajutorul c\u0103rora o echip\u0103 format\u0103 din 35 de poli\u0163i\u015fti se afl\u0103 pe urmele autorilor jafului. Totodat\u0103, acum ar exista informa\u0163ii cum c\u0103 ar fi implicat \u015fi un al patrulea f\u0103pta\u015f.<\/p>\n<p>Obiectele de valoare pot fi folosite ca mijloc de schimb de c\u0103tre infractori sau poate fi cerut\u0103 o r\u0103scump\u0103rare.<\/p>\n<p>Ma\u0219ina cu care ho\u021bii au mers la muzeu gri \u00eenchiss furat \u0219i el gasita incendiata sub un viaduct\u00a0<\/p>\n<p>\u00a0<\/p>","protected":false},"excerpt":{"rendered":"<p>Autorii jafului tezaurului dacic de la Muzeul Drents din Olanda \u00eenc\u0103 nu au fost identifica\u0163i&hellip;<\/p>\n","protected":false},"author":0,"featured_media":26839,"comment_status":"open","ping_status":"open","sticky":false,"template":"","format":"standard","meta":{"footnotes":""},"categories":[2],"tags":[],"class_list":["post-26845","post","type-post","status-publish","format-standard","has-post-thumbnail","hentry","category-actual"],"_links":{"self":[{"href":"https:\/\/247stiri.ro\/index.php\/wp-json\/wp\/v2\/posts\/26845","targetHints":{"allow":["GET"]}}],"collection":[{"href":"https:\/\/247stiri.ro\/index.php\/wp-json\/wp\/v2\/posts"}],"about":[{"href":"https:\/\/247stiri.ro\/index.php\/wp-json\/wp\/v2\/types\/post"}],"replies":[{"embeddable":true,"href":"https:\/\/247stiri.ro\/index.php\/wp-json\/wp\/v2\/comments?post=26845"}],"version-history":[{"count":0,"href":"https:\/\/247stiri.ro\/index.php\/wp-json\/wp\/v2\/posts\/26845\/revisions"}],"wp:featuredmedia":[{"embeddable":true,"href":"https:\/\/247stiri.ro\/index.php\/wp-json\/wp\/v2\/media\/26839"}],"wp:attachment":[{"href":"https:\/\/247stiri.ro\/index.php\/wp-json\/wp\/v2\/media?parent=26845"}],"wp:term":[{"taxonomy":"category","embeddable":true,"href":"https:\/\/247stiri.ro\/index.php\/wp-json\/wp\/v2\/categories?post=26845"},{"taxonomy":"post_tag","embeddable":true,"href":"https:\/\/247stiri.ro\/index.php\/wp-json\/wp\/v2\/tags?post=26845"}],"curies":[{"name":"wp","href":"https:\/\/api.w.org\/{rel}","templated":true}]}}