{"id":26846,"date":"2025-01-27T08:44:50","date_gmt":"2025-01-27T08:44:50","guid":{"rendered":"https:\/\/247stiri.ro\/index.php\/2025\/01\/27\/de-la-bar-la-penitenciar-au-batut-un-barbat-intr-o-crasma-si-politia-le-a-venit-de-hac-ancheta-uriasa-in-dolj\/"},"modified":"2025-01-27T08:44:50","modified_gmt":"2025-01-27T08:44:50","slug":"de-la-bar-la-penitenciar-au-batut-un-barbat-intr-o-crasma-si-politia-le-a-venit-de-hac-ancheta-uriasa-in-dolj","status":"publish","type":"post","link":"https:\/\/247stiri.ro\/index.php\/2025\/01\/27\/de-la-bar-la-penitenciar-au-batut-un-barbat-intr-o-crasma-si-politia-le-a-venit-de-hac-ancheta-uriasa-in-dolj\/","title":{"rendered":"De la bar&#8230; la penitenciar! Au b\u0103tut un b\u0103rbat \u00eentr-o cr\u00e2\u0219m\u0103 \u0219i poli\u021bia le-a venit de hac: anchet\u0103 uria\u0219\u0103 \u00een Dolj"},"content":{"rendered":"<p>Doi tineri, unul de 16 ani din comuna Seaca de C\u00e2mp \u015fi altul de 18 ani din Craiova, sunt cerceta\u0163i pentru s\u0103v\u00e2r\u015firea infrac\u0163iunilor de lovirea sau alte violen\u0163e \u015fi tulburarea ordinii \u015fi lini\u015ftii publice.\u00a0<\/p>\n<p>Poli\u0163i\u015ftii din Calafat au fost sesiza\u0163i de reprezentan\u0163ii unui spital din Calafat cu privire c\u0103 la unitatea medical\u0103 s-a prezentat un b\u0103rbat de 23 de ani, din comuna Piscu Vechi, care a declarat c\u0103 ar fi fost agresat fizic.<\/p>\n<p>\u201dDin cercet\u0103rile efectuate de poli\u0163i\u015fti, s-a stabilit c\u0103, \u00een noaptea de 24 spre 25 ianuarie a.c, \u00een jurul orei 02.30, \u00een timp ce se afla \u00eentr-un bar, din localitatea Ghidici, t\u00e2n\u0103rul ar fi fost agresat fizic de doi tineri, de 16 \u015fi 18 ani, din comuna Seaca de C\u00e2mp, respectiv municipiul Craiova, cel de-al doilea lovindu-l \u015fi cu un obiect \u00een zona fe\u0163ei. Cei \u00een cauz\u0103 au fost identifica\u0163i la scurt timp de poli\u0163i\u015fti \u015fi condu\u015fi la sediul poli\u0163iei pentru audieri\u201d, au transmis luni reprezentan\u0163ii Inspectoratului de Poli\u0163ie al Jude\u0163ului (IPJ) Dolj.\u00a0<\/p>\n<p>Cei doi au fost re\u0163inu\u0163i pentru 24 de ore, fiind apoi prezenta\u0163i instan\u0163ei de judecat\u0103 care a decis arestarea preventiv\u0103 pentru 30 de zile a t\u00e2n\u0103rului de 18 ani \u015fi arestul la domiciliu pentru t\u00e2n\u0103rul de 16 ani.<\/p>","protected":false},"excerpt":{"rendered":"<p>Doi tineri, unul de 16 ani din comuna Seaca de C\u00e2mp \u015fi altul de 18&hellip;<\/p>\n","protected":false},"author":0,"featured_media":26847,"comment_status":"open","ping_status":"open","sticky":false,"template":"","format":"standard","meta":{"footnotes":""},"categories":[2],"tags":[],"class_list":["post-26846","post","type-post","status-publish","format-standard","has-post-thumbnail","hentry","category-actual"],"_links":{"self":[{"href":"https:\/\/247stiri.ro\/index.php\/wp-json\/wp\/v2\/posts\/26846","targetHints":{"allow":["GET"]}}],"collection":[{"href":"https:\/\/247stiri.ro\/index.php\/wp-json\/wp\/v2\/posts"}],"about":[{"href":"https:\/\/247stiri.ro\/index.php\/wp-json\/wp\/v2\/types\/post"}],"replies":[{"embeddable":true,"href":"https:\/\/247stiri.ro\/index.php\/wp-json\/wp\/v2\/comments?post=26846"}],"version-history":[{"count":0,"href":"https:\/\/247stiri.ro\/index.php\/wp-json\/wp\/v2\/posts\/26846\/revisions"}],"wp:featuredmedia":[{"embeddable":true,"href":"https:\/\/247stiri.ro\/index.php\/wp-json\/wp\/v2\/media\/26847"}],"wp:attachment":[{"href":"https:\/\/247stiri.ro\/index.php\/wp-json\/wp\/v2\/media?parent=26846"}],"wp:term":[{"taxonomy":"category","embeddable":true,"href":"https:\/\/247stiri.ro\/index.php\/wp-json\/wp\/v2\/categories?post=26846"},{"taxonomy":"post_tag","embeddable":true,"href":"https:\/\/247stiri.ro\/index.php\/wp-json\/wp\/v2\/tags?post=26846"}],"curies":[{"name":"wp","href":"https:\/\/api.w.org\/{rel}","templated":true}]}}