{"id":26849,"date":"2025-01-27T08:44:51","date_gmt":"2025-01-27T08:44:51","guid":{"rendered":"https:\/\/247stiri.ro\/index.php\/2025\/01\/27\/trei-dintr-un-foc-un-sofer-de-mercedes-a-parcat-pe-trotuar-spatiul-verde-si-banda-speciala-de-autobuz\/"},"modified":"2025-01-27T08:44:51","modified_gmt":"2025-01-27T08:44:51","slug":"trei-dintr-un-foc-un-sofer-de-mercedes-a-parcat-pe-trotuar-spatiul-verde-si-banda-speciala-de-autobuz","status":"publish","type":"post","link":"https:\/\/247stiri.ro\/index.php\/2025\/01\/27\/trei-dintr-un-foc-un-sofer-de-mercedes-a-parcat-pe-trotuar-spatiul-verde-si-banda-speciala-de-autobuz\/","title":{"rendered":"\u201eTrei dintr-un foc\u201d! Un \u0219ofer de Mercedes a parcat pe trotuar, spa\u021biul verde \u0219i banda special\u0103 de autobuz"},"content":{"rendered":"<p>Incidentul a avut loc pe bulevardul Tomis, din municipiul Constan\u021ba, unul dintre cele mai circulate artere ale ora\u0219ului. Ro\u021bile din spate au r\u0103mas pe linia destinat\u0103 autobuzelor, \u00eempiedic\u00e2nd accesul acestora, iar partea din fa\u021b\u0103 a ma\u0219inii a parcat-o pe trotuar, for\u021b\u00e2nd pietonii s\u0103 ocoleasc\u0103. \u0218i ca un bonus, vehiculul s-a \u00eentins peste spa\u021biul verde din apropiere, l\u0103s\u00e2nd urme vizibile de degradare. \u00a0<\/p>\n<p>Conform reglement\u0103rilor, autorit\u0103\u021bile aplic\u0103 sanc\u021biuni semnificative pentru astfel de abateri, iar \u0219oferii pot fi amenda\u021bi cu p\u00e2n\u0103 la 2.900 de lei \u00een cazul \u00een care \u00eencalc\u0103 regulile de parcare ce afecteaz\u0103 transportul public sau infrastructura pietonal\u0103 \u0219i verde.<\/p>\n<p>Traficul aglomerat, blocajele \u0219i lipsa locurilor de parcare nu sunt scuze pentru \u00eenc\u0103lcarea regulilor, dar \u0219oferul Mercedes-ului pare s\u0103 fi ignorat cu des\u0103v\u00e2r\u0219ire toate acestea. \u00a0<\/p>\n<p><a href=\"https:\/\/www.replicaonline.ro\/un-sofer-distrat-a-blocat-banda-pentru-autobuze-de-pe-tomis-a-incalecat-trotuarul-si-spatiul-verde-616598\" target=\"_blank\">SURSA<\/a><\/p>","protected":false},"excerpt":{"rendered":"<p>Incidentul a avut loc pe bulevardul Tomis, din municipiul Constan\u021ba, unul dintre cele mai circulate&hellip;<\/p>\n","protected":false},"author":0,"featured_media":26850,"comment_status":"open","ping_status":"open","sticky":false,"template":"","format":"standard","meta":{"footnotes":""},"categories":[2],"tags":[],"class_list":["post-26849","post","type-post","status-publish","format-standard","has-post-thumbnail","hentry","category-actual"],"_links":{"self":[{"href":"https:\/\/247stiri.ro\/index.php\/wp-json\/wp\/v2\/posts\/26849","targetHints":{"allow":["GET"]}}],"collection":[{"href":"https:\/\/247stiri.ro\/index.php\/wp-json\/wp\/v2\/posts"}],"about":[{"href":"https:\/\/247stiri.ro\/index.php\/wp-json\/wp\/v2\/types\/post"}],"replies":[{"embeddable":true,"href":"https:\/\/247stiri.ro\/index.php\/wp-json\/wp\/v2\/comments?post=26849"}],"version-history":[{"count":0,"href":"https:\/\/247stiri.ro\/index.php\/wp-json\/wp\/v2\/posts\/26849\/revisions"}],"wp:featuredmedia":[{"embeddable":true,"href":"https:\/\/247stiri.ro\/index.php\/wp-json\/wp\/v2\/media\/26850"}],"wp:attachment":[{"href":"https:\/\/247stiri.ro\/index.php\/wp-json\/wp\/v2\/media?parent=26849"}],"wp:term":[{"taxonomy":"category","embeddable":true,"href":"https:\/\/247stiri.ro\/index.php\/wp-json\/wp\/v2\/categories?post=26849"},{"taxonomy":"post_tag","embeddable":true,"href":"https:\/\/247stiri.ro\/index.php\/wp-json\/wp\/v2\/tags?post=26849"}],"curies":[{"name":"wp","href":"https:\/\/api.w.org\/{rel}","templated":true}]}}