{"id":26863,"date":"2025-01-27T09:45:05","date_gmt":"2025-01-27T09:45:05","guid":{"rendered":"https:\/\/247stiri.ro\/index.php\/2025\/01\/27\/sedinta-de-urgenta-in-comisia-de-cultura-din-parlament-pe-tema-tezaurului-furat-ministrul-culturii-si-directorului-muzeului-national-de-istorie-a-romaniei-vor-fi-audiati\/"},"modified":"2025-01-27T09:45:05","modified_gmt":"2025-01-27T09:45:05","slug":"sedinta-de-urgenta-in-comisia-de-cultura-din-parlament-pe-tema-tezaurului-furat-ministrul-culturii-si-directorului-muzeului-national-de-istorie-a-romaniei-vor-fi-audiati","status":"publish","type":"post","link":"https:\/\/247stiri.ro\/index.php\/2025\/01\/27\/sedinta-de-urgenta-in-comisia-de-cultura-din-parlament-pe-tema-tezaurului-furat-ministrul-culturii-si-directorului-muzeului-national-de-istorie-a-romaniei-vor-fi-audiati\/","title":{"rendered":"\u0218edin\u021b\u0103 de urgen\u021b\u0103 \u00een Comisia de cultur\u0103 din Parlament pe tema tezaurului furat. Ministrul Culturii \u0219i directorului Muzeului Na\u021bional de Istorie a Rom\u00e2niei vor fi AUDIA\u021aI"},"content":{"rendered":"<p>&#8222;Luni, 27 ianuarie, \u00eencep\u00e2nd cu ora 11:00, va avea loc \u0219edin\u021ba Comisiei de Cultur\u0103 din Camera Deputa\u021bilor, condus\u0103 de Mihail Neam\u021bu, deputat AUR, \u00een care va fi dezb\u0103tut\u0103 situa\u021bia tezaurului dacic, al c\u0103rui furt reprezint\u0103 un atac direct asupra identit\u0103\u021bii na\u021bionale \u0219i o dovad\u0103 a incompeten\u021bei autorit\u0103\u021bilor din Rom\u00e2nia.\u00cen cadrul \u0219edin\u021bei, au fost chema\u021bi la audieri at\u00e2t ministrul Culturii, Natalia Intotero, c\u00e2t \u0219i directorul Muzeului Na\u021bional de Istorie, Ernest Oberl\u00e4nder-T\u00e2rnoveanu&#8221;, se arat\u0103 \u00eentr-o informare transmis\u0103 luni presei.Potrivit sursei citate, la finalul dezbaterilor Mihail Neam\u021bu va sus\u021bine declara\u021bii de pres\u0103.\u00a0<\/p>\n<p>\u0218edin\u021ba Comisiei de cultur\u0103 din Camera Deputa\u021bilor de luni nu este \u00eens\u0103 prima organizat\u0103 de la comiterea <a href=\"https:\/\/www.realitatea.net\/stiri\/actual\/dosar-penal-deschis-pentru-cei-care-au-furat-tezaurul-dacic-la-romaniei_67950b3ec8ad4e24ef28c582\" target=\"_blank\">furtului tezaurului dacic<\/a>, s\u00e2mb\u0103t\u0103 diminea\u021b\u0103. Din contr\u0103, dscu\u021bii pe aceast\u0103 tem\u0103 extrem de important\u0103 au avut loc \u0219i duminic\u0103. Vorbim \u00eens\u0103 despre o \u0219edin\u021b\u0103 informal\u0103 la care a participat \u0219i ministrul Culturii.<\/p>\n<p><a href=\"https:\/\/www.realitatea.net\/stiri\/actual\/ce-este-coiful-dacic-de-la-cotofenesti-obiect-disparut-in-urma-exploziei-de-la-muzeul-din-olanda_6794d80de67d0730a4116932\" target=\"_blank\">Ce este Coiful Dacic de la Co\u021bofene\u0219ti, obiect disp\u0103rut \u00een urma exploziei de la muzeul din Olanda<\/a><\/p>\n<p>&#8222;Doamna ministru Natalia Intotero \u0219i-a ar\u0103tat \u00eentreaga disponibilitate de a pune la dispozi\u021bia Comisiei \u00eentregul dosar al expozi\u021biei itinerante cu aurul Daciei, incluz\u00e2nd evalu\u0103rile, aprob\u0103rile ministeriale \u0219i contractele semnate de p\u0103r\u021bile rom\u00e2ne \u0219i olandeze&#8221;, a declarat luni Mihail Neam\u021bu \u00eentr-un comunicat.<\/p>\n<p>Potrivit sursei citate, Neam\u021bu a solicitat demiterea directorului Muzeului Na\u021bional de Istorie a Rom\u00e2niei, Ernest Oberlander-T\u00e2rnoveanu.<\/p>\n<p><a href=\"https:\/\/www.realitatea.net\/stiri\/actual\/ce-suma-de-bani-ar-putea-primi-romania-dupa-ce-tezaurul-dacic-a-fost-furat-in-olanda-toate-piesele-erau-asigurate_679503e6df73504ef3564c43\" target=\"_blank\">Ce sum\u0103 de bani ar putea primi Rom\u00e2nia dup\u0103 ce tezaurul dacic a fost furat \u00een Olanda. Toate piesele erau asigurate<\/a><\/p>\n<p>&#8222;\u00cen cadrul \u00eentrevederii, membrii Comisiei pentru cultur\u0103, arte, mijloace de informare \u00een mas\u0103 vor solicita clarific\u0103ri privind modul \u00een care au fost implementate \u0219i respectate protocoalele de securitate, situa\u021bia general\u0103 a Muzeului Na\u021bional de Istorie a Rom\u00e2niei, resursele alocate pentru protec\u021bia patrimoniului, precum \u0219i orice alte aspecte care pot contribui la o \u00een\u021belegere complet\u0103 a situa\u021biei&#8221;, a mai spus Neam\u021bu.<\/p>\n<p>\u00a0<\/p>","protected":false},"excerpt":{"rendered":"<p>&#8222;Luni, 27 ianuarie, \u00eencep\u00e2nd cu ora 11:00, va avea loc \u0219edin\u021ba Comisiei de Cultur\u0103 din&hellip;<\/p>\n","protected":false},"author":0,"featured_media":26864,"comment_status":"open","ping_status":"open","sticky":false,"template":"","format":"standard","meta":{"footnotes":""},"categories":[2],"tags":[],"class_list":["post-26863","post","type-post","status-publish","format-standard","has-post-thumbnail","hentry","category-actual"],"_links":{"self":[{"href":"https:\/\/247stiri.ro\/index.php\/wp-json\/wp\/v2\/posts\/26863","targetHints":{"allow":["GET"]}}],"collection":[{"href":"https:\/\/247stiri.ro\/index.php\/wp-json\/wp\/v2\/posts"}],"about":[{"href":"https:\/\/247stiri.ro\/index.php\/wp-json\/wp\/v2\/types\/post"}],"replies":[{"embeddable":true,"href":"https:\/\/247stiri.ro\/index.php\/wp-json\/wp\/v2\/comments?post=26863"}],"version-history":[{"count":0,"href":"https:\/\/247stiri.ro\/index.php\/wp-json\/wp\/v2\/posts\/26863\/revisions"}],"wp:featuredmedia":[{"embeddable":true,"href":"https:\/\/247stiri.ro\/index.php\/wp-json\/wp\/v2\/media\/26864"}],"wp:attachment":[{"href":"https:\/\/247stiri.ro\/index.php\/wp-json\/wp\/v2\/media?parent=26863"}],"wp:term":[{"taxonomy":"category","embeddable":true,"href":"https:\/\/247stiri.ro\/index.php\/wp-json\/wp\/v2\/categories?post=26863"},{"taxonomy":"post_tag","embeddable":true,"href":"https:\/\/247stiri.ro\/index.php\/wp-json\/wp\/v2\/tags?post=26863"}],"curies":[{"name":"wp","href":"https:\/\/api.w.org\/{rel}","templated":true}]}}