{"id":26871,"date":"2025-01-27T09:45:07","date_gmt":"2025-01-27T09:45:07","guid":{"rendered":"https:\/\/247stiri.ro\/index.php\/2025\/01\/27\/romanca-de-21-de-ani-ucisa-cu-sange-rece-intr-o-localitate-din-elvetia-atacatorul-a-incercat-sa-se-sinucida\/"},"modified":"2025-01-27T09:45:07","modified_gmt":"2025-01-27T09:45:07","slug":"romanca-de-21-de-ani-ucisa-cu-sange-rece-intr-o-localitate-din-elvetia-atacatorul-a-incercat-sa-se-sinucida","status":"publish","type":"post","link":"https:\/\/247stiri.ro\/index.php\/2025\/01\/27\/romanca-de-21-de-ani-ucisa-cu-sange-rece-intr-o-localitate-din-elvetia-atacatorul-a-incercat-sa-se-sinucida\/","title":{"rendered":"Rom\u00e2nc\u0103 de 21 de ani, ucis\u0103 cu s\u00e2nge rece \u00eentr-o localitate din Elve\u021bia. Atacatorul a \u00eencercat s\u0103 se sinucid\u0103"},"content":{"rendered":"<p>O t\u00e2n\u0103r\u0103 \u00een v\u00e2rst\u0103 de 21 de ani, cet\u0103\u021bean rom\u00e2n cu domiciliul \u00een str\u0103in\u0103tate, a fost g\u0103sit\u0103 decedat\u0103 \u00eentr-o cas\u0103 de vacan\u021b\u0103 dintr-o zon\u0103 montan\u0103 izolat\u0103. Al\u0103turi de ea, un b\u0103rbat de 27 de ani, cet\u0103\u021bean elve\u021bian din regiune, era r\u0103nit, \u00een stare critic\u0103, fiind suspectat de tentativ\u0103 de suicid.<\/p>\n<p>Incidentul s-a petrecut \u00een jurul orei 5.00 diminea\u021ba, \u00eentr-o zon\u0103 aflat\u0103 la o altitudine de 1.000 de metri, cunoscut\u0103 pentru casele de vacan\u021b\u0103 p\u0103r\u0103site \u00een timpul iernii.<\/p>\n<p>Conform primelor informa\u021bii,\u00a0ancheta preliminar\u0103 indic\u0103 faptul c\u0103 este vorba despre un caz de omor urmat de o tentativ\u0103 de suicid. Se pare c\u0103 fata era o dam\u0103 de companie \u0219i a fost ucis\u0103 cu o arm\u0103 de foc. Cu c\u00e2teva ore \u00eenaintea descoperirii au \u00eenso\u021bit-o la caban\u0103 doi cona\u021bionali care au anun\u021bat poli\u021bia c\u00e2nd nu au mai reu\u0219it s\u0103 ia leg\u0103tura cu ea.<\/p>\n<p>Identitatea victimei nu a fost f\u0103cut\u0103 public\u0103, dar at\u00e2t familia sa c\u00e2t \u0219i a agresorului au ajuns la fa\u021ba locului. Declara\u021biile acestora sunt a\u0219teptate pentru a clarifica rela\u021bia dintre victim\u0103 \u0219i agresor, precum \u0219i eventualul motiv al tragediei.<\/p>\n<p>Descoperirea a fost f\u0103cut\u0103 duminic\u0103, 26 ianuarie, \u00een Lodrino, un sat din districtul Riviera din Elve\u021bia, la grani\u021ba de nord a Italiei.<\/p>","protected":false},"excerpt":{"rendered":"<p>O t\u00e2n\u0103r\u0103 \u00een v\u00e2rst\u0103 de 21 de ani, cet\u0103\u021bean rom\u00e2n cu domiciliul \u00een str\u0103in\u0103tate, a&hellip;<\/p>\n","protected":false},"author":0,"featured_media":26858,"comment_status":"open","ping_status":"open","sticky":false,"template":"","format":"standard","meta":{"footnotes":""},"categories":[2],"tags":[],"class_list":["post-26871","post","type-post","status-publish","format-standard","has-post-thumbnail","hentry","category-actual"],"_links":{"self":[{"href":"https:\/\/247stiri.ro\/index.php\/wp-json\/wp\/v2\/posts\/26871","targetHints":{"allow":["GET"]}}],"collection":[{"href":"https:\/\/247stiri.ro\/index.php\/wp-json\/wp\/v2\/posts"}],"about":[{"href":"https:\/\/247stiri.ro\/index.php\/wp-json\/wp\/v2\/types\/post"}],"replies":[{"embeddable":true,"href":"https:\/\/247stiri.ro\/index.php\/wp-json\/wp\/v2\/comments?post=26871"}],"version-history":[{"count":0,"href":"https:\/\/247stiri.ro\/index.php\/wp-json\/wp\/v2\/posts\/26871\/revisions"}],"wp:featuredmedia":[{"embeddable":true,"href":"https:\/\/247stiri.ro\/index.php\/wp-json\/wp\/v2\/media\/26858"}],"wp:attachment":[{"href":"https:\/\/247stiri.ro\/index.php\/wp-json\/wp\/v2\/media?parent=26871"}],"wp:term":[{"taxonomy":"category","embeddable":true,"href":"https:\/\/247stiri.ro\/index.php\/wp-json\/wp\/v2\/categories?post=26871"},{"taxonomy":"post_tag","embeddable":true,"href":"https:\/\/247stiri.ro\/index.php\/wp-json\/wp\/v2\/tags?post=26871"}],"curies":[{"name":"wp","href":"https:\/\/api.w.org\/{rel}","templated":true}]}}