{"id":26872,"date":"2025-01-27T09:45:07","date_gmt":"2025-01-27T09:45:07","guid":{"rendered":"https:\/\/247stiri.ro\/index.php\/2025\/01\/27\/un-sofer-a-fugit-de-la-locul-accidentului-dupa-ce-a-spulberat-un-batran-pe-trecerea-de-pietoni-a-fost-prins-si-retinut-de-politisti\/"},"modified":"2025-01-27T09:45:07","modified_gmt":"2025-01-27T09:45:07","slug":"un-sofer-a-fugit-de-la-locul-accidentului-dupa-ce-a-spulberat-un-batran-pe-trecerea-de-pietoni-a-fost-prins-si-retinut-de-politisti","status":"publish","type":"post","link":"https:\/\/247stiri.ro\/index.php\/2025\/01\/27\/un-sofer-a-fugit-de-la-locul-accidentului-dupa-ce-a-spulberat-un-batran-pe-trecerea-de-pietoni-a-fost-prins-si-retinut-de-politisti\/","title":{"rendered":"Un \u0219ofer a fugit de la locul accidentului dup\u0103 ce a spulberat un b\u0103tr\u00e2n pe trecerea de pietoni. A fost prins \u0219i re\u021binut de poli\u021bi\u0219ti"},"content":{"rendered":"<p>Victima accidentului, \u00een v\u00e2rst\u0103 de 68 ani, se afla \u00eentins\u0103 pe carosabil iar \u015foferul nu ar fi observat-o.<\/p>\n<p>&#8222;Au fost desf\u0103\u015furate activit\u0103\u0163i investigativ operative \u00een zona producerii accidentului, \u00een vederea identific\u0103rii autovehiculului implicat \u015fi a persoanei b\u0103nuite de comiterea faptei. Poli\u0163i\u015ftii au stabilit faptul c\u0103, \u00een timp ce un t\u00e2n\u0103r \u00een v\u00e2rst\u0103 de 23 ani conducea autoturismul, \u00een localitatea B\u00e2rg\u0103uani, nu ar fi observat persoana v\u0103t\u0103mat\u0103 ce se afla \u00eentins\u0103 pe carosabil, ar fi acro\u015fat-o iar ulterior ar fi p\u0103r\u0103sit locul producerii accidentului f\u0103r\u0103 a anun\u0163a organele de poli\u0163ie \u015fi f\u0103r\u0103 \u00eencuviin\u0163area acestora&#8221;, a declarat purt\u0103torul de cuv\u00e2nt al IPJ Neam\u0163, inspectorul principal Ramona Ciofu.<\/p>\n<p>T\u00e2n\u0103rul a fost re\u0163inut pentru ucidere din culp\u0103 \u015fi p\u0103r\u0103sirea locului accidentului \u015fi va fi prezentat procurorului cu propunere de luare a unei m\u0103suri preventive.<\/p>","protected":false},"excerpt":{"rendered":"<p>Victima accidentului, \u00een v\u00e2rst\u0103 de 68 ani, se afla \u00eentins\u0103 pe carosabil iar \u015foferul nu&hellip;<\/p>\n","protected":false},"author":0,"featured_media":26873,"comment_status":"open","ping_status":"open","sticky":false,"template":"","format":"standard","meta":{"footnotes":""},"categories":[2],"tags":[],"class_list":["post-26872","post","type-post","status-publish","format-standard","has-post-thumbnail","hentry","category-actual"],"_links":{"self":[{"href":"https:\/\/247stiri.ro\/index.php\/wp-json\/wp\/v2\/posts\/26872","targetHints":{"allow":["GET"]}}],"collection":[{"href":"https:\/\/247stiri.ro\/index.php\/wp-json\/wp\/v2\/posts"}],"about":[{"href":"https:\/\/247stiri.ro\/index.php\/wp-json\/wp\/v2\/types\/post"}],"replies":[{"embeddable":true,"href":"https:\/\/247stiri.ro\/index.php\/wp-json\/wp\/v2\/comments?post=26872"}],"version-history":[{"count":0,"href":"https:\/\/247stiri.ro\/index.php\/wp-json\/wp\/v2\/posts\/26872\/revisions"}],"wp:featuredmedia":[{"embeddable":true,"href":"https:\/\/247stiri.ro\/index.php\/wp-json\/wp\/v2\/media\/26873"}],"wp:attachment":[{"href":"https:\/\/247stiri.ro\/index.php\/wp-json\/wp\/v2\/media?parent=26872"}],"wp:term":[{"taxonomy":"category","embeddable":true,"href":"https:\/\/247stiri.ro\/index.php\/wp-json\/wp\/v2\/categories?post=26872"},{"taxonomy":"post_tag","embeddable":true,"href":"https:\/\/247stiri.ro\/index.php\/wp-json\/wp\/v2\/tags?post=26872"}],"curies":[{"name":"wp","href":"https:\/\/api.w.org\/{rel}","templated":true}]}}