{"id":26874,"date":"2025-01-27T09:45:07","date_gmt":"2025-01-27T09:45:07","guid":{"rendered":"https:\/\/247stiri.ro\/index.php\/2025\/01\/27\/situatie-halucinanta-la-spitalul-din-suceava-un-medic-refuza-sa-mai-lucreze-la-urgente-din-cauza-amenintarilor-apartinatorilor-daca-pateste-ceva-copilul-meu\/"},"modified":"2025-01-27T09:45:07","modified_gmt":"2025-01-27T09:45:07","slug":"situatie-halucinanta-la-spitalul-din-suceava-un-medic-refuza-sa-mai-lucreze-la-urgente-din-cauza-amenintarilor-apartinatorilor-daca-pateste-ceva-copilul-meu","status":"publish","type":"post","link":"https:\/\/247stiri.ro\/index.php\/2025\/01\/27\/situatie-halucinanta-la-spitalul-din-suceava-un-medic-refuza-sa-mai-lucreze-la-urgente-din-cauza-amenintarilor-apartinatorilor-daca-pateste-ceva-copilul-meu\/","title":{"rendered":"Situa\u021bie halucinant\u0103 la spitalul din Suceava. Un medic REFUZ\u0102 s\u0103 mai lucreze la Urgen\u021be din cauza AMENIN\u021a\u0102RILOR apar\u021bin\u0103torilor: \u201dDac\u0103 p\u0103\u021be\u0219te ceva copilul meu&#8230;\u201d"},"content":{"rendered":"<p>\u201dAu fost situa\u0163ii \u00een care apar\u0163in\u0103torii, din cauza timpului de a\u015fteptare, au intrat foarte violen\u0163i verbal \u015fi limbajul corpului extrem de violent sau chiar cu amenin\u0163\u0103ri de tipul \u201eNu mi-este fric\u0103 s\u0103 m\u0103 \u00eentorc la pu\u015fc\u0103rie\u201d, a\u015fa mi s-a spus de c\u0103tre un p\u0103rinte, \u201eDac\u0103 p\u0103\u0163e\u015fte ceva copilul meu \u00eel caut \u015fi-l omor pe al t\u0103u\u201d. Am fost amenin\u0163at\u0103 de cineva c\u0103 vine cu toporul\u2026 Au fost situa\u0163ii \u00een care a trebuit s\u0103 m\u0103 \u00eentorc cu spatele pentru c\u0103 a venit cu pumnul asupra noastr\u0103 \u015fi a trebuit s\u0103 m\u0103 \u00eentorc ca s\u0103 nu-mi dea \u00een fa\u0163\u0103. Au fost situa\u0163ii \u00een care ni s-au smuls din m\u00e2n\u0103 materialele sanitare, branule, perfuzii, perfuzoare, pentru c\u0103 voiam s\u0103 recolt\u0103m copilului sau pl\u00e2ngea copilul \u00een timpul perfuziei\u201d, a povestit dr. Elena Moldovan, medic pediatru la Spitalul Jude\u021bean, pentru News.ro.\u00a0\u00a0<\/p>\n<p>Potrivit acesteiea, medicii au decis s\u0103 demisioneze sau s\u0103 nu mai lucreze \u00een Urgen\u0163\u0103 din cauza num\u0103rului mare de pacien\u0163i care nu sunt \u00eentotdeauna o urgen\u0163\u0103, dar \u015fi din cauza agresivit\u0103\u0163ii unora dintre apar\u0163in\u0103tori.<\/p>\n<p>&#8222;Nu exist\u0103 gard\u0103 \u00een care s\u0103 nu fie cel pu\u0163in o dat\u0103 agresat medicul, verbal m\u0103car. Nu exist\u0103 nicio gard\u0103 \u00een care s\u0103 nu fim amenin\u0163a\u0163i, s-a pus paz\u0103, s-a pus un buton astfel \u00eenc\u00e2t s\u0103 nu se poat\u0103 intra \u00een sala de consulta\u0163ie &#8211; u\u015fa s\u0103 func\u0163ioneze doar din interior, iar pentru acces din afar\u0103 doar la cerere &#8211; trag de u\u015f\u0103 p\u00e2n\u0103 ce nu mai merge sistemul acela, trag de u\u015f\u0103 p\u00e2n\u0103 ce se dechide \u015fi se blocheaz\u0103 sistemul.<\/p>\n<p>Cel mai grav caz a fost c\u00e2nd a venit cu pumnul asupra mea \u015fi m-am \u00eentors, era la 30 de centimetri de mine, cu pumnul \u00eendreptat spre mine. \u00cen fiecare zi suntem \u00eenjura\u0163i, \u00een fiecare zi suntem amenin\u0163a\u0163i, un motiv foarte mare pentru care plec\u0103m\u201d, a mai spus dr. Moldovan.\u00a0<\/p>\n<p>Medicul sus\u021bine, totodat\u0103, c\u0103 din cauza agresivit\u0103\u021bii apar\u021bin\u0103torilor \u015fi a supraaglomer\u0103rii UPU Suceava, 7 medici de pediatrie \u0219i-au dat demisia \u00een ultimii 5 ani, iar al\u021bii noi nu se \u00eenscriu la concursurile de angajare pe care spitalul le organizeaz\u0103.<\/p>\n<p>\u201ePer total, la noi au plecat 7 medici prin demisie \u00een ultimii 5 ani, din urgen\u0163\u0103. Principala cauz\u0103 este prezentarea abuziv\u0103 \u00een urgen\u0163\u0103, foarte mul\u0163i copii \u015fi agresivitatea apar\u0163in\u0103torilor. R\u0103m\u00e2nem f\u0103r\u0103 linie de gard\u0103 \u00een cur\u00e2nd din cauza faptului c\u0103 pacien\u0163ii sunt foarte, foarte agresivi. Eu plec cu 1 februarie, eu am s\u0103 merg pe sec\u0163ie, dar colegii mei au plecat \u00een privat. Eu urmeaz\u0103 m\u0103 mut de pe sec\u0163ia UPU-SMURD \u00een compartimentul de pediatrie, urmeaz\u0103 s\u0103 plec \u00een Sec\u0163ia de pediatrie.<\/p>\n<p>Cel mai probabil r\u0103m\u00e2nem f\u0103r\u0103 gard\u0103 pe pediatrie din 3 februarie, pentru c\u0103 r\u0103m\u00e2n doar trei medici \u015fi linie de gard\u0103 se face cu minimum 5 medici&#8221;, a precizat acesta.\u00a0<\/p>","protected":false},"excerpt":{"rendered":"<p>\u201dAu fost situa\u0163ii \u00een care apar\u0163in\u0103torii, din cauza timpului de a\u015fteptare, au intrat foarte violen\u0163i&hellip;<\/p>\n","protected":false},"author":0,"featured_media":26875,"comment_status":"open","ping_status":"open","sticky":false,"template":"","format":"standard","meta":{"footnotes":""},"categories":[2],"tags":[],"class_list":["post-26874","post","type-post","status-publish","format-standard","has-post-thumbnail","hentry","category-actual"],"_links":{"self":[{"href":"https:\/\/247stiri.ro\/index.php\/wp-json\/wp\/v2\/posts\/26874","targetHints":{"allow":["GET"]}}],"collection":[{"href":"https:\/\/247stiri.ro\/index.php\/wp-json\/wp\/v2\/posts"}],"about":[{"href":"https:\/\/247stiri.ro\/index.php\/wp-json\/wp\/v2\/types\/post"}],"replies":[{"embeddable":true,"href":"https:\/\/247stiri.ro\/index.php\/wp-json\/wp\/v2\/comments?post=26874"}],"version-history":[{"count":0,"href":"https:\/\/247stiri.ro\/index.php\/wp-json\/wp\/v2\/posts\/26874\/revisions"}],"wp:featuredmedia":[{"embeddable":true,"href":"https:\/\/247stiri.ro\/index.php\/wp-json\/wp\/v2\/media\/26875"}],"wp:attachment":[{"href":"https:\/\/247stiri.ro\/index.php\/wp-json\/wp\/v2\/media?parent=26874"}],"wp:term":[{"taxonomy":"category","embeddable":true,"href":"https:\/\/247stiri.ro\/index.php\/wp-json\/wp\/v2\/categories?post=26874"},{"taxonomy":"post_tag","embeddable":true,"href":"https:\/\/247stiri.ro\/index.php\/wp-json\/wp\/v2\/tags?post=26874"}],"curies":[{"name":"wp","href":"https:\/\/api.w.org\/{rel}","templated":true}]}}