{"id":26876,"date":"2025-01-27T09:45:08","date_gmt":"2025-01-27T09:45:08","guid":{"rendered":"https:\/\/247stiri.ro\/index.php\/2025\/01\/27\/protest-spontan-al-angajatilor-de-la-termocentralele-din-capitala-exista-riscul-ca-bucurestenii-sa-ramana-fara-apa-calda-si-caldura\/"},"modified":"2025-01-27T09:45:08","modified_gmt":"2025-01-27T09:45:08","slug":"protest-spontan-al-angajatilor-de-la-termocentralele-din-capitala-exista-riscul-ca-bucurestenii-sa-ramana-fara-apa-calda-si-caldura","status":"publish","type":"post","link":"https:\/\/247stiri.ro\/index.php\/2025\/01\/27\/protest-spontan-al-angajatilor-de-la-termocentralele-din-capitala-exista-riscul-ca-bucurestenii-sa-ramana-fara-apa-calda-si-caldura\/","title":{"rendered":"Protest spontan al angaja\u021bilor de la termocentralele din Capital\u0103. Exist\u0103 riscul ca bucure\u0219tenii s\u0103 r\u0103m\u00e2n\u0103 f\u0103r\u0103 ap\u0103 cald\u0103 \u0219i c\u0103ldur\u0103"},"content":{"rendered":"<p>Angaja\u021bii ELCEN din tura de zi au refuzat s\u0103 intre la lucru, \u00een aceast\u0103 diminea\u021b\u0103, \u00een semn de protest fa\u021b\u0103 de \u00eenghe\u021barea salariilor, \u00een urma adopt\u0103rii ordonan\u021bei trenule\u021b. Dac\u0103 situa\u021bia se prelunge\u0219te, exist\u0103 riscul ca bucure\u0219tenii s\u0103 r\u0103m\u00e2n\u0103 f\u0103r\u0103 ap\u0103 cald\u0103 \u0219i c\u0103ldur\u0103.<\/p>\n<p>Angaja\u021bii de la termocentralele Sud Progresu \u0219i Groz\u0103ve\u0219ti din Bucure\u0219ti au refuzat s\u0103 \u00eenceap\u0103 lucrul la ora 8:00, iar c\u00e2teva sute de persoane s-au al\u0103turat protestului \u00eenc\u0103 de la primele ore ale dimine\u021bii. De asemenea, personalul tehnic \u0219i auxiliar a refuzat s\u0103 preia tura, ceea ce creeaz\u0103 riscul opririi furniz\u0103rii de ap\u0103 cald\u0103 \u0219i c\u0103ldur\u0103 \u00een Bucure\u0219ti, \u00een cazul \u00een care situa\u021bia persist\u0103.<\/p>\n<p>Liderii de sindicat se vor \u00eent\u00e2lni ast\u0103zi cu reprezentan\u021bii companiei pentru a discuta solu\u021bii, \u00een timp ce angaja\u021bii sunt nemul\u021bumi\u021bi din cauza \u00eenghe\u021b\u0103rii salariilor. Ei sus\u021bin c\u0103 \u201eordonan\u021ba trenule\u021b\u201d \u00eencalc\u0103 contractul colectiv de munc\u0103.<\/p>","protected":false},"excerpt":{"rendered":"<p>Angaja\u021bii ELCEN din tura de zi au refuzat s\u0103 intre la lucru, \u00een aceast\u0103 diminea\u021b\u0103,&hellip;<\/p>\n","protected":false},"author":0,"featured_media":26877,"comment_status":"open","ping_status":"open","sticky":false,"template":"","format":"standard","meta":{"footnotes":""},"categories":[2],"tags":[],"class_list":["post-26876","post","type-post","status-publish","format-standard","has-post-thumbnail","hentry","category-actual"],"_links":{"self":[{"href":"https:\/\/247stiri.ro\/index.php\/wp-json\/wp\/v2\/posts\/26876","targetHints":{"allow":["GET"]}}],"collection":[{"href":"https:\/\/247stiri.ro\/index.php\/wp-json\/wp\/v2\/posts"}],"about":[{"href":"https:\/\/247stiri.ro\/index.php\/wp-json\/wp\/v2\/types\/post"}],"replies":[{"embeddable":true,"href":"https:\/\/247stiri.ro\/index.php\/wp-json\/wp\/v2\/comments?post=26876"}],"version-history":[{"count":0,"href":"https:\/\/247stiri.ro\/index.php\/wp-json\/wp\/v2\/posts\/26876\/revisions"}],"wp:featuredmedia":[{"embeddable":true,"href":"https:\/\/247stiri.ro\/index.php\/wp-json\/wp\/v2\/media\/26877"}],"wp:attachment":[{"href":"https:\/\/247stiri.ro\/index.php\/wp-json\/wp\/v2\/media?parent=26876"}],"wp:term":[{"taxonomy":"category","embeddable":true,"href":"https:\/\/247stiri.ro\/index.php\/wp-json\/wp\/v2\/categories?post=26876"},{"taxonomy":"post_tag","embeddable":true,"href":"https:\/\/247stiri.ro\/index.php\/wp-json\/wp\/v2\/tags?post=26876"}],"curies":[{"name":"wp","href":"https:\/\/api.w.org\/{rel}","templated":true}]}}