{"id":2688,"date":"2024-10-29T06:58:15","date_gmt":"2024-10-29T06:58:15","guid":{"rendered":"https:\/\/247stiri.ro\/index.php\/2024\/10\/29\/rasturnare-de-situatie-in-cazul-militarului-mort-masina-care-l-a-proiectat-in-stalp-condusa-de-fosta-iubita-premonitia-stranie-pe-care-i-a-marturisit-o-tinerei\/"},"modified":"2024-10-29T06:58:15","modified_gmt":"2024-10-29T06:58:15","slug":"rasturnare-de-situatie-in-cazul-militarului-mort-masina-care-l-a-proiectat-in-stalp-condusa-de-fosta-iubita-premonitia-stranie-pe-care-i-a-marturisit-o-tinerei","status":"publish","type":"post","link":"https:\/\/247stiri.ro\/index.php\/2024\/10\/29\/rasturnare-de-situatie-in-cazul-militarului-mort-masina-care-l-a-proiectat-in-stalp-condusa-de-fosta-iubita-premonitia-stranie-pe-care-i-a-marturisit-o-tinerei\/","title":{"rendered":"R\u0103sturnare de situa\u021bie \u00een cazul militarului mort: ma\u0219ina care l-a proiectat \u00een st\u00e2lp, condus\u0103 de fosta iubit\u0103. Premoni\u021bia stranie pe care i-a m\u0103rturisit-o tinerei"},"content":{"rendered":"<p>Pasionat de motociclete \u0219i de fitness, Andrei era soldat gradat profesionist \u00een batalionul 300 din Gala\u021bi, al\u0103turi de Laura. Cei doi s-au desp\u0103r\u021bit de cur\u00e2nd, \u00een ciuda insisten\u021belor t\u00e2n\u0103rului de a continua rela\u021bia.\u00a0<\/p>\n<p>El i-a \u0219i f\u0103cut o m\u0103rturisire stranie Laurei, cu pu\u021bine zile \u00eenainte de moarte. B\u0103rbatul i-a povestit un vis premonitoriu \u00een care femeia purta o p\u0103l\u0103rie neagr\u0103, la priveghiul s\u0103u.<\/p>\n\n<p>\u00cen cursul zilei de duminic\u0103, cei doi s-au \u00eent\u00e2lnit \u00een trafic, iar Andrei, c\u0103lare pe motociclet\u0103, a \u0219icanat-o pe Laura, aflat\u0103 la volanul unei ma\u0219ini. Laura a virat atunci brusc de volan, \u00een fa\u021ba motocicletei, care a fost proiectat\u0103 apoi \u00eentr-un st\u00e2lp pe de marginea drumului. T\u00e2n\u0103rul a murit \u00een scurt timp dup\u0103 impactul violent.<\/p>\n<p><a href=\"https:\/\/www.realitatea.net\/stiri\/actual\/accident-mortal-de-motocicleta-un-soldat-de-30-de-ani-a-fost-acrosat-de-o-soferita-si-aruncat-direct-in-stalp_671f46087a41517b74542c43\" target=\"_blank\" rel=\"noopener\">Accident mortal de motociclet\u0103! Un soldat de 30 de ani a fost acro\u015fat de o \u015foferi\u0163\u0103 \u015fi aruncat direct \u00een st\u00e2lp<\/a><\/p>\n<p>\u00cen urma accidentului, femeia a fost testat\u0103 cu etilotestul, iar rezultatul a fost negativ.<\/p>\n\n<p>Parchetul Militar Ia\u0219i a preluat cazul \u0219i a fost deschis dosar penal pentru ucidere din culp\u0103.\u00a0<\/p>","protected":false},"excerpt":{"rendered":"<p>Pasionat de motociclete \u0219i de fitness, Andrei era soldat gradat profesionist \u00een batalionul 300 din&hellip;<\/p>\n","protected":false},"author":0,"featured_media":2689,"comment_status":"open","ping_status":"open","sticky":false,"template":"","format":"standard","meta":{"footnotes":""},"categories":[2],"tags":[],"class_list":["post-2688","post","type-post","status-publish","format-standard","has-post-thumbnail","hentry","category-actual"],"_links":{"self":[{"href":"https:\/\/247stiri.ro\/index.php\/wp-json\/wp\/v2\/posts\/2688","targetHints":{"allow":["GET"]}}],"collection":[{"href":"https:\/\/247stiri.ro\/index.php\/wp-json\/wp\/v2\/posts"}],"about":[{"href":"https:\/\/247stiri.ro\/index.php\/wp-json\/wp\/v2\/types\/post"}],"replies":[{"embeddable":true,"href":"https:\/\/247stiri.ro\/index.php\/wp-json\/wp\/v2\/comments?post=2688"}],"version-history":[{"count":0,"href":"https:\/\/247stiri.ro\/index.php\/wp-json\/wp\/v2\/posts\/2688\/revisions"}],"wp:featuredmedia":[{"embeddable":true,"href":"https:\/\/247stiri.ro\/index.php\/wp-json\/wp\/v2\/media\/2689"}],"wp:attachment":[{"href":"https:\/\/247stiri.ro\/index.php\/wp-json\/wp\/v2\/media?parent=2688"}],"wp:term":[{"taxonomy":"category","embeddable":true,"href":"https:\/\/247stiri.ro\/index.php\/wp-json\/wp\/v2\/categories?post=2688"},{"taxonomy":"post_tag","embeddable":true,"href":"https:\/\/247stiri.ro\/index.php\/wp-json\/wp\/v2\/tags?post=2688"}],"curies":[{"name":"wp","href":"https:\/\/api.w.org\/{rel}","templated":true}]}}