{"id":26884,"date":"2025-01-27T10:49:14","date_gmt":"2025-01-27T10:49:14","guid":{"rendered":"https:\/\/247stiri.ro\/index.php\/2025\/01\/27\/ciolacu-la-ceremonia-victimelor-holocaustului-este-datoria-noastra-sa-ne-asiguram-ca-societatea-romaneasca-cunoaste-si-nu-repeta-greselile-istoriei\/"},"modified":"2025-01-27T10:49:14","modified_gmt":"2025-01-27T10:49:14","slug":"ciolacu-la-ceremonia-victimelor-holocaustului-este-datoria-noastra-sa-ne-asiguram-ca-societatea-romaneasca-cunoaste-si-nu-repeta-greselile-istoriei","status":"publish","type":"post","link":"https:\/\/247stiri.ro\/index.php\/2025\/01\/27\/ciolacu-la-ceremonia-victimelor-holocaustului-este-datoria-noastra-sa-ne-asiguram-ca-societatea-romaneasca-cunoaste-si-nu-repeta-greselile-istoriei\/","title":{"rendered":"Ciolacu, la ceremonia Victimelor Holocaustului: Este datoria noastr\u0103 s\u0103 ne asigur\u0103m c\u0103 societatea rom\u00e2neasc\u0103 cunoa\u0219te \u0219i nu repet\u0103 gre\u0219elile istoriei"},"content":{"rendered":"<p>&#8222;Ast\u0103zi, comemor\u0103m 80 de ani de la eliberarea lag\u0103rului de concentrare \u0219i exterminare de la Auschwitz-Birkenau, un loc \u00eenc\u0103rcat de o istorie sf\u00e2\u0219ietoare \u0219i care ascunde \u00een spate chinuri \u0219i suferin\u021be inimaginabile.Doresc s\u0103 aduc un profund omagiu memoriei tuturor celor care au suferit \u0219i \u0219i-au pierdut via\u021ba \u00een timpul Holocaustului, una dintre cele mai mari tragedii din istoria secolului al XX-lea \u0219i chiar din istoria lumii. Totodat\u0103, sunt al\u0103turi de cei care au supravie\u021buit \u0219i au avut t\u0103ria de a transmite mai departe m\u0103rturiile ororilor prin care au trecut, astfel \u00eenc\u00e2t umanitatea s\u0103 \u00eenve\u021be din durerea lor&#8221;, a transmis Marcel Ciolacu, potrivit unui comunicat publicat de <a href=\"https:\/\/gov.ro\/ro\/stiri\/alocutiunea-sustinuta-de-premierul-marcel-ciolacu-la-ceremonia-dedicata-zilei-internationale-de-comemorare-a-victimelor-holocaustului\" target=\"_blank\">Guvernul Rom\u00e2niei<\/a>.\u00a0<\/p>\n\n<p>\u0218eful Guvernului a subliniat c\u0103 &#8222;nu avem voie s\u0103 uit\u0103m c\u0103 istoria a dat oameni, prin care conduc\u0103torii dictatoriali ai Rom\u00e2niei, care au urm\u0103rit, \u00een mod brutal \u0219i sistemic, exterminarea popula\u021biei evreie\u0219ti&#8221;.<\/p>\n<p>&#8222;Nu pot exista scuze pentru cei care au trimis cu cinism \u0219i s\u00e2nge rece pe concet\u0103\u021benii lor la moarte, pe care i-au discreditat, umilit \u0219i i-au exclus din societate. Nu trebuie s\u0103 uit\u0103m niciodat\u0103 nici modul \u00een care ura \u0219i antisemitismul au otr\u0103vit sisteme \u0219i au intoxicat societ\u0103\u021bi, inclusiv \u00een Rom\u00e2nia&#8221;, a ar\u0103tat Ciolacu.<\/p>\n<p>Potrivit premierului, ziua de 27 ianuarie nu este doar un omagiu adus celor care au avut de suferit, &#8222;ci \u0219i un apel la con\u0219tiin\u021ba noastr\u0103 colectiv\u0103&#8221;.<\/p>\n<p>&#8222;Aceast\u0103 zi este despre a ne asigura c\u0103 niciodat\u0103 nu vom permite ca asemenea atrocit\u0103\u021bi s\u0103 se repete. (&#8230;)\u00cen ultima perioad\u0103, antisemitismul, extremismul \u0219i xenofobia se manifest\u0103 tot mai acut \u00een Europa, \u00een spa\u021biul care, paradoxal, este leag\u0103nul drepturilor \u0219i libert\u0103\u021bilor fundamentale. Tocmai de aceea, doresc s\u0103 reafirm, \u0219i cu acest prilej, angajamentul ferm al Guvernului Rom\u00e2niei pentru combaterea flagelului antisemit, precum \u0219i pentru promovarea memoriei victimelor Holocaustului. Este datoria noastr\u0103, a autorit\u0103\u021bilor, s\u0103 ne asigur\u0103m c\u0103 societatea rom\u00e2neasc\u0103 cunoa\u0219te \u0219i nu repet\u0103 gre\u0219elile istoriei. Iar educa\u021bia trebuie s\u0103 aib\u0103 un rol central \u00een acest sens. Este motivul pentru care m\u0103 bucur c\u0103 tinerii din Rom\u00e2nia au ocazia de a-\u0219i cultiva spiritul civic prin studierea disciplinei \u201eIstoria Evreilor. Holocaustul\u201d, fapt ce nu ar fi fost posibil f\u0103r\u0103 domnul deputat Silviu Vexler, care s-a num\u0103rat printre ini\u021biatorii acestui demers. Reu\u0219ita tuturor demersurilor noastre este rezultatul parteneriatului str\u00e2ns pe care \u00eel avem cu Federa\u021bia Comunit\u0103\u021bilor Evreie\u0219ti din Rom\u00e2nia. V\u0103 mul\u021bumesc, domnule pre\u0219edinte Silviu Vexler, pentru munca depus\u0103 \u00een slujba combaterii antisemitismului, sus\u021binerii supravie\u021buitorilor Holocaustului din Rom\u00e2nia \u0219i promov\u0103rii dialogului intercultural&#8221;, a declarat Marcel Ciolacu.<\/p>\n<p>El a salutat eliberarea primilor ostatici israelieni, printre care s-au aflat \u0219i dou\u0103 femei cu cet\u0103\u021benie rom\u00e2n\u0103, respectiv cu origini rom\u00e2ne\u0219ti, \u00een urma semn\u0103rii Acordului dintre Statul Israel \u0219i Hamas, care ofer\u0103 perspectiva unei p\u0103ci durabile \u00een regiune.<\/p>\n<p>&#8222;\u00cen \u00eencheiere, v\u0103 invit s\u0103 aducem un omagiu tuturor victimelor urii, celor care au suferit \u0219i care au murit \u00een tragedia secolului trecut, Holocaustul. Lor \u0219i celor care au supravie\u021buit acestor atrocit\u0103\u021bi \u0219i care, din p\u0103cate, sunt din ce \u00een ce mai pu\u021bini, le dator\u0103m angajamentul nostru c\u0103 m\u0103rturiile lor vor trece testul timpului \u0219i c\u0103 ura nu ne va mai putea otr\u0103vi ra\u021biunea \u0219i umanitatea&#8221;, a conchis Marcel Ciolacu.<\/p>","protected":false},"excerpt":{"rendered":"<p>&#8222;Ast\u0103zi, comemor\u0103m 80 de ani de la eliberarea lag\u0103rului de concentrare \u0219i exterminare de la&hellip;<\/p>\n","protected":false},"author":0,"featured_media":26885,"comment_status":"open","ping_status":"open","sticky":false,"template":"","format":"standard","meta":{"footnotes":""},"categories":[3],"tags":[],"class_list":["post-26884","post","type-post","status-publish","format-standard","has-post-thumbnail","hentry","category-politica"],"_links":{"self":[{"href":"https:\/\/247stiri.ro\/index.php\/wp-json\/wp\/v2\/posts\/26884","targetHints":{"allow":["GET"]}}],"collection":[{"href":"https:\/\/247stiri.ro\/index.php\/wp-json\/wp\/v2\/posts"}],"about":[{"href":"https:\/\/247stiri.ro\/index.php\/wp-json\/wp\/v2\/types\/post"}],"replies":[{"embeddable":true,"href":"https:\/\/247stiri.ro\/index.php\/wp-json\/wp\/v2\/comments?post=26884"}],"version-history":[{"count":0,"href":"https:\/\/247stiri.ro\/index.php\/wp-json\/wp\/v2\/posts\/26884\/revisions"}],"wp:featuredmedia":[{"embeddable":true,"href":"https:\/\/247stiri.ro\/index.php\/wp-json\/wp\/v2\/media\/26885"}],"wp:attachment":[{"href":"https:\/\/247stiri.ro\/index.php\/wp-json\/wp\/v2\/media?parent=26884"}],"wp:term":[{"taxonomy":"category","embeddable":true,"href":"https:\/\/247stiri.ro\/index.php\/wp-json\/wp\/v2\/categories?post=26884"},{"taxonomy":"post_tag","embeddable":true,"href":"https:\/\/247stiri.ro\/index.php\/wp-json\/wp\/v2\/tags?post=26884"}],"curies":[{"name":"wp","href":"https:\/\/api.w.org\/{rel}","templated":true}]}}