{"id":26888,"date":"2025-01-27T10:49:15","date_gmt":"2025-01-27T10:49:15","guid":{"rendered":"https:\/\/247stiri.ro\/index.php\/2025\/01\/27\/doliu-in-politica-din-romania-un-deputat-a-murit-la-varsta-de-71-ani-era-parlamentar-din-2004\/"},"modified":"2025-01-27T10:49:15","modified_gmt":"2025-01-27T10:49:15","slug":"doliu-in-politica-din-romania-un-deputat-a-murit-la-varsta-de-71-ani-era-parlamentar-din-2004","status":"publish","type":"post","link":"https:\/\/247stiri.ro\/index.php\/2025\/01\/27\/doliu-in-politica-din-romania-un-deputat-a-murit-la-varsta-de-71-ani-era-parlamentar-din-2004\/","title":{"rendered":"Doliu \u00een politica din Rom\u00e2nia! Un deputat a MURIT la v\u00e2rsta de 71 ani: era parlamentar din 2004"},"content":{"rendered":"<p>&#8222;Cu profund\u0103 triste\u021be, anun\u021b\u0103m trecerea la cele ve\u0219nice a domnului Iusein Ibram, deputat din partea Uniunii Democrate Turce din Rom\u00e2nia \u0219i o personalitate marcant\u0103 a comunit\u0103\u021bii turce din \u021bara noastr\u0103. Domnul Iusein Ibram s-a remarcat prin dedicarea sa neobosit\u0103 fa\u021b\u0103 de promovarea valorilor culturale, educa\u021bionale \u0219i sociale ale comunit\u0103\u021bii turce \u0219i nu numai, c\u00e2t \u0219i prin contribu\u021bia sa remarcabil\u0103 la \u00eent\u0103rirea leg\u0103turilor de solidaritate \u0219i unitate. Integritatea \u0219i devotamentul s\u0103u vor r\u0103m\u00e2ne un exemplu pentru genera\u021biile viitoare.<\/p>\n\n<p>Adres\u0103m sincere condolean\u021be familiei \u00eendurerate, colegilor \u0219i tuturor celor care l-au cunoscut \u0219i apreciat. \u00cemp\u0103rt\u0103\u0219im durerea acestui moment \u0219i ne rug\u0103m ca sufletul s\u0103u s\u0103-\u0219i g\u0103seasc\u0103 pacea ve\u0219nic\u0103&#8221;, se arat\u0103 \u00eentr-un mesaj publicat luni de Muftiatul Cultului Musulman din Rom\u00e2nia, \u00eentr-o postare pe Facebook.<\/p>","protected":false},"excerpt":{"rendered":"<p>&#8222;Cu profund\u0103 triste\u021be, anun\u021b\u0103m trecerea la cele ve\u0219nice a domnului Iusein Ibram, deputat din partea&hellip;<\/p>\n","protected":false},"author":0,"featured_media":26889,"comment_status":"open","ping_status":"open","sticky":false,"template":"","format":"standard","meta":{"footnotes":""},"categories":[3],"tags":[],"class_list":["post-26888","post","type-post","status-publish","format-standard","has-post-thumbnail","hentry","category-politica"],"_links":{"self":[{"href":"https:\/\/247stiri.ro\/index.php\/wp-json\/wp\/v2\/posts\/26888","targetHints":{"allow":["GET"]}}],"collection":[{"href":"https:\/\/247stiri.ro\/index.php\/wp-json\/wp\/v2\/posts"}],"about":[{"href":"https:\/\/247stiri.ro\/index.php\/wp-json\/wp\/v2\/types\/post"}],"replies":[{"embeddable":true,"href":"https:\/\/247stiri.ro\/index.php\/wp-json\/wp\/v2\/comments?post=26888"}],"version-history":[{"count":0,"href":"https:\/\/247stiri.ro\/index.php\/wp-json\/wp\/v2\/posts\/26888\/revisions"}],"wp:featuredmedia":[{"embeddable":true,"href":"https:\/\/247stiri.ro\/index.php\/wp-json\/wp\/v2\/media\/26889"}],"wp:attachment":[{"href":"https:\/\/247stiri.ro\/index.php\/wp-json\/wp\/v2\/media?parent=26888"}],"wp:term":[{"taxonomy":"category","embeddable":true,"href":"https:\/\/247stiri.ro\/index.php\/wp-json\/wp\/v2\/categories?post=26888"},{"taxonomy":"post_tag","embeddable":true,"href":"https:\/\/247stiri.ro\/index.php\/wp-json\/wp\/v2\/tags?post=26888"}],"curies":[{"name":"wp","href":"https:\/\/api.w.org\/{rel}","templated":true}]}}