{"id":26891,"date":"2025-01-27T10:49:17","date_gmt":"2025-01-27T10:49:17","guid":{"rendered":"https:\/\/247stiri.ro\/index.php\/2025\/01\/27\/conducerea-asf-reclamata-in-parlament-ca-a-intervenit-de-doua-ori-pentru-ca-un-asigurator-sa-nu-fie-amendat-reactia-asf\/"},"modified":"2025-01-27T10:49:17","modified_gmt":"2025-01-27T10:49:17","slug":"conducerea-asf-reclamata-in-parlament-ca-a-intervenit-de-doua-ori-pentru-ca-un-asigurator-sa-nu-fie-amendat-reactia-asf","status":"publish","type":"post","link":"https:\/\/247stiri.ro\/index.php\/2025\/01\/27\/conducerea-asf-reclamata-in-parlament-ca-a-intervenit-de-doua-ori-pentru-ca-un-asigurator-sa-nu-fie-amendat-reactia-asf\/","title":{"rendered":"Conducerea ASF, reclamat\u0103 \u00een Parlament c\u0103 a intervenit de dou\u0103 ori pentru ca un asigur\u0103tor s\u0103 nu fie amendat. Reac\u021bia ASF"},"content":{"rendered":"<p>Reclama\u021bia are loc \u00een contextul unui conflict de munc\u0103 deschis \u00eentre sindicat \u0219i noua conducere ASF, care nu a mai re\u00eennoit controversatul Contract Colectiv de Munc\u0103 (CCM) prin care cei 500 de angaja\u021bi puteau primi p\u00e2n\u0103 la 15 salarii pe an.<\/p>\n<p>Solicit\u00e2nd protec\u021bia Parlamentului \u00een baza Legii 361\/2022 privind protec\u021bia avertizorilor de interes public, Francesca Andreescu, specialist\u0103 \u00een evaluarea riscurilor (actuar) \u0219i pre\u0219edinte al Sindicatului ASF, a transmis mar\u021bi, 21 ianuarie, o not\u0103 \u00een care reclam\u0103 posibile nereguli la nivelul conducerii ASF.<\/p>\n<p>Andreescu acuz\u0103 c\u0103 \u201epersonalul de specialitate din ASF este constr\u00e2ns, prin ingerin\u021ba \u0219i influen\u021ba, exercitate direct sau indirect, prin interpu\u0219i, a factorilor de decizie existen\u021bi la nivelul Autorit\u0103\u021bii, s\u0103 pun\u0103 \u00een aplicare dispozi\u021bii de serviciu care deviaz\u0103 de la cadrul legal aplicabil\u201d.<\/p>\n<p>Dac\u0103 refuz\u0103, ace\u0219tia risc\u0103 anchete administrative, disciplinare sau chiar sunt concedia\u021bi, spune ea.<\/p>\n<p>\u00cen acest sens, Andreescu d\u0103 exemplul unui specialist din sectorul de pensii private care a fost concediat \u0219i descrie ce au p\u0103\u021bit dou\u0103 echipe de control care au depistat probleme de capital la un asigur\u0103tor care emite asigur\u0103ri de garan\u021bii, folosite \u00een special de institu\u021biile publice care \u00eencheie contracte de lucr\u0103ri \u0219i servicii.<\/p>\n<p>Trei angaja\u021bi, cerceta\u021bi disciplinar dup\u0103 un control inopinat la un asigur\u0103torAstfel, \u00een luna ianuarie 2024, o echip\u0103 de control, alc\u0103tuit\u0103 din trei angaja\u021bi (printre care \u0219i un actuar), a f\u0103cut un control inopinat la un asigur\u0103tor care emite asigur\u0103ri de garan\u021bii, necesare \u00een special institu\u021biilor\/autorit\u0103\u021bilor publice care \u00eencheie contracte de prest\u0103ri\/lucr\u0103ri servicii.<\/p>\n<p>Nota redac\u021biei: Numele societ\u0103\u021bii nu este men\u021bionat \u00een document \u0219i nici ASF nu a dorit s\u0103-l dezv\u0103luie, deoarece decizia de sanc\u021bionare nu a fost transmis\u0103 \u00eenc\u0103 societ\u0103\u021bii.<\/p>\n<p>Echipa de control a descoperit mai multe riscuri, inclusiv legate de necesarul de rezerve tehnice, dar Consiliul ASF a respins nota final\u0103 de control \u0219i a pornit cercetarea disciplinar\u0103 a celor trei angaja\u021bi.<\/p>\n<p>Motivul: procesul-verbal de control cuprindea descrierea unor fapte ce puteau constitui \u00eenc\u0103lc\u0103ri ale dispozi\u021biilor legale, f\u0103r\u0103 \u00eens\u0103 a se consemna indicarea textelor legale \u00eenc\u0103lcate.<\/p>\n<p>Francesca Andreescu spune c\u0103 a f\u0103cut parte, ca membru observator, din comisia de cercetare prealabil\u0103 a celor trei angaja\u021bi \u0219i c\u0103 a observat c\u0103 persoane cu func\u021bii de conducere s-au implicat direct \u00een ac\u021biunea de control \u0219i au eliminat fapte care reprezentau contraven\u021bii din procesul-verbal f\u0103cut de echipa de control.<\/p>\n<p>\u201eCercetarea disciplinar\u0103 s-a finalizat prin constatarea, de c\u0103tre Comisia de cercetare disciplinar\u0103, a faptului c\u0103 persoanele vizate nu au \u00eentreprins fapte care ce s-ar putea constitui \u00een abateri disciplinare, cu toate c\u0103, \u00een opinia mea, existau cel pu\u021bin suspiciuni rezonabile cu privire la ingerin\u021ba, \u00een ac\u021biunea de control, a unor superiori ierarhici, prin modificarea aspectelor re\u021binute de c\u0103tre echipa de control \u00een cuprinsul actului constatator, respectiv \u00een cuprinsul Procesului verbal de control, ingerin\u021b\u0103 av\u00e2nd ca scop \u00eenl\u0103turarea posibilit\u0103\u021bii de a fi sanc\u021bionat\u0103 entitatea controlat\u0103\u201d.<\/p>\n<p>Cite\u0219te <a href=\"https:\/\/hotnews.ro\/conducerea-asf-reclamata-in-parlament-ca-a-intervenit-de-doua-ori-pentru-ca-un-asigurator-sa-nu-fie-amendat-asf-sanctionarea-s-a-facut-potrivit-legii-1887307\" target=\"_blank\">continuarea<\/a>.<\/p>\n<p>\u00a0<\/p>","protected":false},"excerpt":{"rendered":"<p>Reclama\u021bia are loc \u00een contextul unui conflict de munc\u0103 deschis \u00eentre sindicat \u0219i noua conducere&hellip;<\/p>\n","protected":false},"author":0,"featured_media":26892,"comment_status":"open","ping_status":"open","sticky":false,"template":"","format":"standard","meta":{"footnotes":""},"categories":[2],"tags":[],"class_list":["post-26891","post","type-post","status-publish","format-standard","has-post-thumbnail","hentry","category-actual"],"_links":{"self":[{"href":"https:\/\/247stiri.ro\/index.php\/wp-json\/wp\/v2\/posts\/26891","targetHints":{"allow":["GET"]}}],"collection":[{"href":"https:\/\/247stiri.ro\/index.php\/wp-json\/wp\/v2\/posts"}],"about":[{"href":"https:\/\/247stiri.ro\/index.php\/wp-json\/wp\/v2\/types\/post"}],"replies":[{"embeddable":true,"href":"https:\/\/247stiri.ro\/index.php\/wp-json\/wp\/v2\/comments?post=26891"}],"version-history":[{"count":0,"href":"https:\/\/247stiri.ro\/index.php\/wp-json\/wp\/v2\/posts\/26891\/revisions"}],"wp:featuredmedia":[{"embeddable":true,"href":"https:\/\/247stiri.ro\/index.php\/wp-json\/wp\/v2\/media\/26892"}],"wp:attachment":[{"href":"https:\/\/247stiri.ro\/index.php\/wp-json\/wp\/v2\/media?parent=26891"}],"wp:term":[{"taxonomy":"category","embeddable":true,"href":"https:\/\/247stiri.ro\/index.php\/wp-json\/wp\/v2\/categories?post=26891"},{"taxonomy":"post_tag","embeddable":true,"href":"https:\/\/247stiri.ro\/index.php\/wp-json\/wp\/v2\/tags?post=26891"}],"curies":[{"name":"wp","href":"https:\/\/api.w.org\/{rel}","templated":true}]}}