{"id":26896,"date":"2025-01-27T10:49:18","date_gmt":"2025-01-27T10:49:18","guid":{"rendered":"https:\/\/247stiri.ro\/index.php\/2025\/01\/27\/o-femeie-s-a-aruncat-in-fata-trenului-luni-dimineata-circulatia-feroviara-este-oprita-temporar-pe-sectiunea-titu-golesti\/"},"modified":"2025-01-27T10:49:18","modified_gmt":"2025-01-27T10:49:18","slug":"o-femeie-s-a-aruncat-in-fata-trenului-luni-dimineata-circulatia-feroviara-este-oprita-temporar-pe-sectiunea-titu-golesti","status":"publish","type":"post","link":"https:\/\/247stiri.ro\/index.php\/2025\/01\/27\/o-femeie-s-a-aruncat-in-fata-trenului-luni-dimineata-circulatia-feroviara-este-oprita-temporar-pe-sectiunea-titu-golesti\/","title":{"rendered":"O femeie s-a aruncat \u00een fa\u021ba trenului, luni diminea\u021b\u0103! Circula\u0163ia feroviar\u0103 este oprit\u0103 temporar pe sec\u0163iunea Titu-Gole\u015fti"},"content":{"rendered":"<p>\u201dCompania Na\u0163ional\u0103 de C\u0103i Ferate \u201dCFR\u201d SA informeaz\u0103 c\u0103 traficul feroviar a fost oprit temporar, \u00een jurul orei 09:35, pe raza Sucursalei Regionale de C\u0103i Ferate Bucure\u015fti, Sec\u0163ia de circula\u0163ie Titu &#8211; Gole\u015fti, \u00eentre M\u0103t\u0103saru \u015fi G\u0103e\u015fti (la km 59+700), din cauza unui incident \u00een care o persoan\u0103 de sex feminin s-a aruncat \u00een fa\u0163a trenului RE 9201, apar\u0163in\u00e2nd operatorului na\u0163ional de transport feroviar c\u0103l\u0103tori CFR C\u0103l\u0103tori\u201d, a tansmis, luni, CFR.<\/p>\n<p>Companie precizeaz\u0103 c\u0103 trenul RE 9201 sta\u0163ioneaz\u0103 \u00een firul I, \u00een timp ce firul II este \u00eenchis pentru lucr\u0103ri.<\/p>\n<p>La fa\u0163a locului a fost demarat\u0103 o anchet\u0103 de c\u0103tre poli\u0163i\u015fti \u015fi procurori.<\/p>\n<p>\u201dUn alt tren afectat de acest incident este trenul R 9023, care sta\u0163ioneaz\u0103 \u00een prezent \u00een sta\u0163ia M\u0103t\u0103saru, p\u00e2n\u0103 la reluarea circula\u0163iei pe segmentul afectat. Men\u0163ion\u0103m c\u0103, p\u00e2n\u0103 la finalizarea investiga\u0163iilor, trenurile aflate \u00een tranzit pe aceast\u0103 sec\u0163ie vor sta\u0163iona\u201d, a mai transmis CFR.<\/p>","protected":false},"excerpt":{"rendered":"<p>\u201dCompania Na\u0163ional\u0103 de C\u0103i Ferate \u201dCFR\u201d SA informeaz\u0103 c\u0103 traficul feroviar a fost oprit temporar,&hellip;<\/p>\n","protected":false},"author":0,"featured_media":26897,"comment_status":"open","ping_status":"open","sticky":false,"template":"","format":"standard","meta":{"footnotes":""},"categories":[2],"tags":[],"class_list":["post-26896","post","type-post","status-publish","format-standard","has-post-thumbnail","hentry","category-actual"],"_links":{"self":[{"href":"https:\/\/247stiri.ro\/index.php\/wp-json\/wp\/v2\/posts\/26896","targetHints":{"allow":["GET"]}}],"collection":[{"href":"https:\/\/247stiri.ro\/index.php\/wp-json\/wp\/v2\/posts"}],"about":[{"href":"https:\/\/247stiri.ro\/index.php\/wp-json\/wp\/v2\/types\/post"}],"replies":[{"embeddable":true,"href":"https:\/\/247stiri.ro\/index.php\/wp-json\/wp\/v2\/comments?post=26896"}],"version-history":[{"count":0,"href":"https:\/\/247stiri.ro\/index.php\/wp-json\/wp\/v2\/posts\/26896\/revisions"}],"wp:featuredmedia":[{"embeddable":true,"href":"https:\/\/247stiri.ro\/index.php\/wp-json\/wp\/v2\/media\/26897"}],"wp:attachment":[{"href":"https:\/\/247stiri.ro\/index.php\/wp-json\/wp\/v2\/media?parent=26896"}],"wp:term":[{"taxonomy":"category","embeddable":true,"href":"https:\/\/247stiri.ro\/index.php\/wp-json\/wp\/v2\/categories?post=26896"},{"taxonomy":"post_tag","embeddable":true,"href":"https:\/\/247stiri.ro\/index.php\/wp-json\/wp\/v2\/tags?post=26896"}],"curies":[{"name":"wp","href":"https:\/\/api.w.org\/{rel}","templated":true}]}}