{"id":26904,"date":"2025-01-27T11:45:27","date_gmt":"2025-01-27T11:45:27","guid":{"rendered":"https:\/\/247stiri.ro\/index.php\/2025\/01\/27\/tezaurul-dacic-a-fost-scos-ilegal-din-tara-marcel-ciolacu-a-confirmat-nu-a-existat-o-hotarare-de-guvern\/"},"modified":"2025-01-27T11:45:27","modified_gmt":"2025-01-27T11:45:27","slug":"tezaurul-dacic-a-fost-scos-ilegal-din-tara-marcel-ciolacu-a-confirmat-nu-a-existat-o-hotarare-de-guvern","status":"publish","type":"post","link":"https:\/\/247stiri.ro\/index.php\/2025\/01\/27\/tezaurul-dacic-a-fost-scos-ilegal-din-tara-marcel-ciolacu-a-confirmat-nu-a-existat-o-hotarare-de-guvern\/","title":{"rendered":"Tezaurul dacic a fost scos ILEGAL din \u021bar\u0103! Marcel Ciolacu a confirmat: NU a existat o hot\u0103r\u00e2re de guvern!"},"content":{"rendered":"<p>\u00centrebat de ce nu a existat o hot\u0103r\u00e2re de guvern privind transferul pieselor din tezaurul dacic \u00een vederea organiz\u0103rii expozi\u021biei de la Muzeul Drents din Regatul \u021a\u0103rilor de Jos, a\u0219a cum s-a \u00eent\u00e2mplat \u00een cazul altor expozi\u021bii organizate de autorit\u0103\u021bile rom\u00e2ne \u00een str\u0103in\u0103tate, Ciolacu a r\u0103spuns: &#8222;Este adev\u0103rat, vom afla toate detaliile&#8221;.<\/p>\n<p>Premierul a anun\u021bat, duminic\u0103, organizarea la nivelul Guvernului a unei celule de criz\u0103 pentru coordonarea eficient\u0103 a activit\u0103\u021bilor de recuperare a celor patru piese de tezaur furate.<\/p>\n<p>Din aceast\u0103 celul\u0103 de criz\u0103 fac parte reprezentan\u021bi ai Ministerului de Interne, Poli\u021biei Rom\u00e2ne, Ministerului Afacerilor Externe \u0219i Ministerului Culturii.<\/p>\n<p>S\u00e2mb\u0103t\u0103, Parchetul General a informat c\u0103 a fost \u00eentocmit un dosar penal, din oficiu, \u00een cazul sustragerii pieselor din tezaurul dacic expuse la Muzeul Drents din Regatul \u021a\u0103rilor de Jos.<\/p>","protected":false},"excerpt":{"rendered":"<p>\u00centrebat de ce nu a existat o hot\u0103r\u00e2re de guvern privind transferul pieselor din tezaurul&hellip;<\/p>\n","protected":false},"author":0,"featured_media":26905,"comment_status":"open","ping_status":"open","sticky":false,"template":"","format":"standard","meta":{"footnotes":""},"categories":[3],"tags":[],"class_list":["post-26904","post","type-post","status-publish","format-standard","has-post-thumbnail","hentry","category-politica"],"_links":{"self":[{"href":"https:\/\/247stiri.ro\/index.php\/wp-json\/wp\/v2\/posts\/26904","targetHints":{"allow":["GET"]}}],"collection":[{"href":"https:\/\/247stiri.ro\/index.php\/wp-json\/wp\/v2\/posts"}],"about":[{"href":"https:\/\/247stiri.ro\/index.php\/wp-json\/wp\/v2\/types\/post"}],"replies":[{"embeddable":true,"href":"https:\/\/247stiri.ro\/index.php\/wp-json\/wp\/v2\/comments?post=26904"}],"version-history":[{"count":0,"href":"https:\/\/247stiri.ro\/index.php\/wp-json\/wp\/v2\/posts\/26904\/revisions"}],"wp:featuredmedia":[{"embeddable":true,"href":"https:\/\/247stiri.ro\/index.php\/wp-json\/wp\/v2\/media\/26905"}],"wp:attachment":[{"href":"https:\/\/247stiri.ro\/index.php\/wp-json\/wp\/v2\/media?parent=26904"}],"wp:term":[{"taxonomy":"category","embeddable":true,"href":"https:\/\/247stiri.ro\/index.php\/wp-json\/wp\/v2\/categories?post=26904"},{"taxonomy":"post_tag","embeddable":true,"href":"https:\/\/247stiri.ro\/index.php\/wp-json\/wp\/v2\/tags?post=26904"}],"curies":[{"name":"wp","href":"https:\/\/api.w.org\/{rel}","templated":true}]}}