{"id":26943,"date":"2025-01-27T12:49:11","date_gmt":"2025-01-27T12:49:11","guid":{"rendered":"https:\/\/247stiri.ro\/index.php\/2025\/01\/27\/tezaurul-romaniei-a-iesit-ilegal-din-tara-lucian-romascanu-doamna-ministru-turcan-trebuie-sa-dea-urgent-cateva-explicatii\/"},"modified":"2025-01-27T12:49:11","modified_gmt":"2025-01-27T12:49:11","slug":"tezaurul-romaniei-a-iesit-ilegal-din-tara-lucian-romascanu-doamna-ministru-turcan-trebuie-sa-dea-urgent-cateva-explicatii","status":"publish","type":"post","link":"https:\/\/247stiri.ro\/index.php\/2025\/01\/27\/tezaurul-romaniei-a-iesit-ilegal-din-tara-lucian-romascanu-doamna-ministru-turcan-trebuie-sa-dea-urgent-cateva-explicatii\/","title":{"rendered":"Tezaurul Rom\u00e2niei a ie\u0219it ILEGAL din \u021bar\u0103! Lucian Roma\u0219canu: \u201eDoamna ministru Turcan trebuie s\u0103 dea urgent c\u00e2teva explica\u021bii!\u201d"},"content":{"rendered":"<p>Fostul ministru al Culturii, Raluca Turcan, trebuie \u201es\u0103 dea urgent explica\u021bii\u201d, a transmis Lucian Roma\u0219canu, purt\u0103torul de cuv\u00e2nt al PSD.<\/p>\n<p>\u201eLegat de tragedia furtului tezaurului dacic din Olanda, avem acum informa\u021bii pe care ieri nu le aveam. \u00cen 3 august 2023, d-na ministru Raluca Turcan a promovat OUG Nr 27 care instituie obliga\u021bia promov\u0103rii unui HG pentru organizarea unor asemenea expozi\u021bii. Din ceea ce \u0219tiu, pentru expozi\u021bia de la Drents Museum nu a existat o asemenea HG conform OUG-ului promovat de chiar ministrul Turcan. D-na ministru Turcan TREBUIE s\u0103 dea urgent c\u00e2teva explica\u021bii&#8230; \u201d, a scris Roma\u0219canu, pe FB.\u00a0<\/p>\n\n<p><a href=\"https:\/\/www.realitatea.net\/stiri\/politica\/ciolacu-confirma-ca-nu-a-existat-o-hotarare-de-guvern-pentru-scoaterea-obiectelor-dacice-din-tara-vom-afla-toate-detaliile_67976acc54a1de1746456182\" target=\"_blank\">Tezaurul dacic a fost scos ILEGAL din \u021bar\u0103! Marcel Ciolacu a confirmat: NU a existat o hot\u0103r\u00e2re de guvern!<\/a><\/p>\n<p>Premierul Marcel Ciolacu a confirmat, luni, c\u0103 \u00een cazul expozi\u021biei organizate de autorit\u0103\u021bile rom\u00e2ne cu piese din tezaurul dacic la Muzeul Drents din Regatul \u021a\u0103rilor de Jos nu a existat o hot\u0103r\u00e2re de guvern, subliniind c\u0103 toate detaliile vor fi aflate \u00een urma m\u0103surilor dispuse la nivel guvernamental.<\/p>","protected":false},"excerpt":{"rendered":"<p>Fostul ministru al Culturii, Raluca Turcan, trebuie \u201es\u0103 dea urgent explica\u021bii\u201d, a transmis Lucian Roma\u0219canu,&hellip;<\/p>\n","protected":false},"author":0,"featured_media":26933,"comment_status":"open","ping_status":"open","sticky":false,"template":"","format":"standard","meta":{"footnotes":""},"categories":[2],"tags":[],"class_list":["post-26943","post","type-post","status-publish","format-standard","has-post-thumbnail","hentry","category-actual"],"_links":{"self":[{"href":"https:\/\/247stiri.ro\/index.php\/wp-json\/wp\/v2\/posts\/26943","targetHints":{"allow":["GET"]}}],"collection":[{"href":"https:\/\/247stiri.ro\/index.php\/wp-json\/wp\/v2\/posts"}],"about":[{"href":"https:\/\/247stiri.ro\/index.php\/wp-json\/wp\/v2\/types\/post"}],"replies":[{"embeddable":true,"href":"https:\/\/247stiri.ro\/index.php\/wp-json\/wp\/v2\/comments?post=26943"}],"version-history":[{"count":0,"href":"https:\/\/247stiri.ro\/index.php\/wp-json\/wp\/v2\/posts\/26943\/revisions"}],"wp:featuredmedia":[{"embeddable":true,"href":"https:\/\/247stiri.ro\/index.php\/wp-json\/wp\/v2\/media\/26933"}],"wp:attachment":[{"href":"https:\/\/247stiri.ro\/index.php\/wp-json\/wp\/v2\/media?parent=26943"}],"wp:term":[{"taxonomy":"category","embeddable":true,"href":"https:\/\/247stiri.ro\/index.php\/wp-json\/wp\/v2\/categories?post=26943"},{"taxonomy":"post_tag","embeddable":true,"href":"https:\/\/247stiri.ro\/index.php\/wp-json\/wp\/v2\/tags?post=26943"}],"curies":[{"name":"wp","href":"https:\/\/api.w.org\/{rel}","templated":true}]}}