{"id":26992,"date":"2025-01-27T15:58:14","date_gmt":"2025-01-27T15:58:14","guid":{"rendered":"https:\/\/247stiri.ro\/index.php\/2025\/01\/27\/ministrul-culturii-sufla-si-in-iaurt-dupa-furtul-coifului-dacic-voi-analiza-oportunitatea-scoaterii-din-tara-a-obiectelor-inestimabile\/"},"modified":"2025-01-27T15:58:14","modified_gmt":"2025-01-27T15:58:14","slug":"ministrul-culturii-sufla-si-in-iaurt-dupa-furtul-coifului-dacic-voi-analiza-oportunitatea-scoaterii-din-tara-a-obiectelor-inestimabile","status":"publish","type":"post","link":"https:\/\/247stiri.ro\/index.php\/2025\/01\/27\/ministrul-culturii-sufla-si-in-iaurt-dupa-furtul-coifului-dacic-voi-analiza-oportunitatea-scoaterii-din-tara-a-obiectelor-inestimabile\/","title":{"rendered":"Ministrul Culturii sufl\u0103 \u0219i \u00een iaurt dup\u0103 furtul coifului dacic: \u201eVoi analiza oportunitatea scoaterii din \u021bar\u0103 a obiectelor inestimabile\u201d"},"content":{"rendered":"<p>Ea a men\u021bionat, totodat\u0103, c\u0103 regret\u0103 c\u0103 i-a prelungit mandatul directorului Muzeului Na\u021bional de Istorie a Rom\u00e2niei.Potrivit lui Intotero, oportunitatea organiz\u0103rii expozi\u021biei cu artefactele dacice \u00een Olanda a fost decis\u0103 de conducerile MNIR \u0219i Ministerului Culturii de la vremea respectiv\u0103.\u00cen organizarea expozi\u021biei au avut atribu\u021bii conducerea Muzeului Na\u021bional de Istorie a Rom\u00e2niei \u0219i reprezentan\u021bi ai Ministerului Culturii care au avizat documentele ce au stat la baza exportului de patrimoniu pentru aceast\u0103 expozi\u021bie, a precizat Natalia Intotero. &#8216;Colegii de la Muzeul Na\u021bional de Istorie sunt cei care au ini\u021biat aceast\u0103 discu\u021bie, aceast\u0103 expozi\u021bie, inclusiv partea de contracte&#8217;, a ad\u0103ugat ea.&#8217;\u00cemi exprim \u0219i eu \u00eentristarea pentru aceast\u0103 tragedie, a\u0219a cum simt \u0219i eu o durere imens\u0103 \u00een suflet, a\u0219a o simte fiecare rom\u00e2n din \u021bar\u0103 \u0219i fiecare membru al Comisiei pentru cultur\u0103&#8217;, a completat ministrul.\u00centrebat\u0103 dac\u0103 a primit vreo informare cu privire la identificarea ho\u021bilor, ea a afirmat c\u0103 nu a primit personal, men\u021bion\u00e2nd c\u0103 este \u00een contact cu ministrul de Interne, C\u0103t\u0103lin Predoiu, privind ancheta.&#8217;Am fost sunat\u0103 de \u0219eful Corpului de control al prim-ministrului pentru a-mi spune c\u0103 persoanele desemnate pentru a verifica toate documentele care au stat la baza realiz\u0103rii acestei expozi\u021bii au ajuns la Ministerul Culturii \u0219i \u00ee\u0219i \u00eencep activitatea&#8217;, a explicat Intotero.Ea a informat c\u0103 a solicitat conducerii Muzeului Na\u021bional de Istorie a Rom\u00e2niei \u0219i celor din minister care au avizat acele documente s\u0103 dea explica\u021bii av\u00e2nd \u00een vedere specula\u021biile din spa\u021biul public.&#8217;Nu avem nimic de ascuns. I-am solicitat domnului director al muzeului s\u0103 pun\u0103 la dispozi\u021bie contractul care a stat la baza realiz\u0103rii acelei expozi\u021bii. D\u00e2nsul mi-a spus c\u0103 anumite clauze sunt confiden\u021biale, l-am rugat s\u0103 transmit\u0103 \u00een scris care sunt acele clauze confiden\u021biale, dac\u0103 exist\u0103. Nu s-a primit un astfel de document, fapt pentru care doamna secretar de stat, \u00een momentul \u00een care jurnali\u0219tii au solicitat detalii din contract, a pus la dispozi\u021biei toate detaliile&#8217;, a transmis Natalia Intotero.<\/p>\n<p><a title=\"Mihail Neamtu: Timp de 6 luni, NIMENI de la MNIR nu a cerut olandezilor o proba ca aceste obiecte sunt supravegheate\" href=\"https:\/\/www.realitatea.net\/stiri\/actual\/mihail-neamtu-timp-de-6-luni-de-zile-nimeni-de-la-mnir-nu-a-cerut-olandezilor-o-proba-ca-aceste-obiecte-sunt-supravegheate_6797799424beda1ed31f73e2\">Mihail Neam\u021bu: Timp de 6 luni, NIMENI de la MNIR nu a cerut olandezilor o prob\u0103 c\u0103 aceste obiecte sunt supravegheate<\/a>Ea a mai ar\u0103tat c\u0103 prioritatea este de a discuta m\u0103suri pentru a preveni astfel de situa\u021bii, inclusiv modific\u0103ri legislative. &#8216;Vom trata cu mai mult\u0103 responsabilitate mai multe expozi\u021bii care se afl\u0103 \u00een afara \u021b\u0103rii. (&#8230;) Voi analiza oportunitatea scoaterii din \u021bar\u0103 a obiectelor inestimabile, contractele s\u0103 fie \u00eencheiate mai atent, astfel \u00eenc\u00e2t s\u0103 nu mai existe interpret\u0103ri c\u0103 nu este prev\u0103zut\u0103 paz\u0103&#8217;, a indicat ministrul.Conform Nataliei Intotero, oportunitatea expozi\u021biei a fost decis\u0103 la vremea respectiv\u0103 de conducerea MNIR, de conducerea Ministerului Culturii.\u00centrebat\u0103 dac\u0103 regret\u0103 c\u0103 a prelungit \u00een luna ianuarie mandatul directorului Muzeului Na\u021bional de Istorie a Rom\u00e2niei, Natalia Intotero a spus: &#8216;Da. Nu puteam s\u0103 las institu\u021biile f\u0103r\u0103 o conducere. Mi-am preluat mandatul \u00een data de 8. (&#8230;) La momentul respectiv a trebuit s\u0103 aprob toate conducerile interimare \u0219i nu este vorba doar de conducerea MNIR. Am spus c\u0103 regret, c\u0103 m-a\u0219 fi a\u0219teptat la o comunicare mai bun\u0103 din partea directorului MNIR&#8217;.Comisia de cultur\u0103 a Camerei Deputa\u021bilor i-au audiat luni, printre al\u021bii, pe directorul Muzeului Na\u021bional de Istorie a Rom\u00e2niei, Ernest Oberlander-T\u00e2rnoveanu, \u0219i secretarul de stat \u00een Ministerul Culturii Diana-\u0218tefana Baciuna, scrie Agerpres.Coiful de aur de la Co\u021bofene\u0219ti, datat \u00een secolele V-IV \u00ee.Hr., precum \u0219i trei br\u0103\u021b\u0103ri dacice din aur de la Sarmizegetusa Regia, din a doua parte a secolului I \u00ee.Hr., unele dintre cele mai importante artefacte din patrimoniul na\u021bional al Rom\u00e2niei, au fost furate din Muzeul Drents din localitatea olandez\u0103 Assen, la sf\u00e2r\u0219itul s\u0103pt\u0103m\u00e2nii trecute.\u00a0<\/p>\n<p><a title=\"Directorul Muzeului National de Istorie a Romaniei a vorbit despre DEMISIA sa, dupa furtul coifului dacic, in Olanda\" href=\"https:\/\/www.realitatea.net\/stiri\/actual\/directorul-muzeului-national-de-istorie-a-romaniei-a-vorbit-despre-demisia-sa-dupa-furtul-coifului-dacic-in-olanda_67979983ebc1d770c331b604\">Directorul Muzeului Na\u021bional de Istorie a Rom\u00e2niei a vorbit despre DEMISIA sa, dup\u0103 furtul coifului dacic, \u00een Olanda<\/a><\/p>","protected":false},"excerpt":{"rendered":"<p>Ea a men\u021bionat, totodat\u0103, c\u0103 regret\u0103 c\u0103 i-a prelungit mandatul directorului Muzeului Na\u021bional de Istorie&hellip;<\/p>\n","protected":false},"author":0,"featured_media":26993,"comment_status":"open","ping_status":"open","sticky":false,"template":"","format":"standard","meta":{"footnotes":""},"categories":[2],"tags":[],"class_list":["post-26992","post","type-post","status-publish","format-standard","has-post-thumbnail","hentry","category-actual"],"_links":{"self":[{"href":"https:\/\/247stiri.ro\/index.php\/wp-json\/wp\/v2\/posts\/26992","targetHints":{"allow":["GET"]}}],"collection":[{"href":"https:\/\/247stiri.ro\/index.php\/wp-json\/wp\/v2\/posts"}],"about":[{"href":"https:\/\/247stiri.ro\/index.php\/wp-json\/wp\/v2\/types\/post"}],"replies":[{"embeddable":true,"href":"https:\/\/247stiri.ro\/index.php\/wp-json\/wp\/v2\/comments?post=26992"}],"version-history":[{"count":0,"href":"https:\/\/247stiri.ro\/index.php\/wp-json\/wp\/v2\/posts\/26992\/revisions"}],"wp:featuredmedia":[{"embeddable":true,"href":"https:\/\/247stiri.ro\/index.php\/wp-json\/wp\/v2\/media\/26993"}],"wp:attachment":[{"href":"https:\/\/247stiri.ro\/index.php\/wp-json\/wp\/v2\/media?parent=26992"}],"wp:term":[{"taxonomy":"category","embeddable":true,"href":"https:\/\/247stiri.ro\/index.php\/wp-json\/wp\/v2\/categories?post=26992"},{"taxonomy":"post_tag","embeddable":true,"href":"https:\/\/247stiri.ro\/index.php\/wp-json\/wp\/v2\/tags?post=26992"}],"curies":[{"name":"wp","href":"https:\/\/api.w.org\/{rel}","templated":true}]}}