{"id":26996,"date":"2025-01-27T15:58:16","date_gmt":"2025-01-27T15:58:16","guid":{"rendered":"https:\/\/247stiri.ro\/index.php\/2025\/01\/27\/unde-se-afla-coiful-lui-amza-pellea-replica-celebrului-obiect-furat-in-olanda-video\/"},"modified":"2025-01-27T15:58:16","modified_gmt":"2025-01-27T15:58:16","slug":"unde-se-afla-coiful-lui-amza-pellea-replica-celebrului-obiect-furat-in-olanda-video","status":"publish","type":"post","link":"https:\/\/247stiri.ro\/index.php\/2025\/01\/27\/unde-se-afla-coiful-lui-amza-pellea-replica-celebrului-obiect-furat-in-olanda-video\/","title":{"rendered":"Unde se afl\u0103 &#8222;coiful lui Amza Pellea&#8221;, replica celebrului obiect furat \u00een Olanda &#8211; VIDEO"},"content":{"rendered":"<p>Coiful purtat de Decebal, interpretat de Amza Pellea, \u00een filmul \u201eDacii\u201d din 1966, este o copie modificat\u0103 \u0219i adaptat\u0103 contextului a coifului de la Co\u021bofene\u0219ti \u0219i se afl\u0103 la Muzeul Na\u021bional al Unirii din Alba Iulia, potrivit Alba24.<\/p>\n<p>Povestea este legat\u0103 mai mult de marele Amza dec\u00e2t de istorie, filmul suferind la capitolul corectitudine istoric\u0103, unul din exemple fiind chiar folosirea coifului de fa\u021b\u0103, replic\u0103 dup\u0103 celebrul coif de la Co\u021bofene\u0219ti. \u00cen realitate Decebal n-ar fi avut cum s\u0103 poarte coiful, acesta fiind datat cu cel pu\u021bin 400 de ani \u00eenaintea epocii sale \u0219i fiind folosit la ceremonii, nu pe c\u00e2mpul de lupt\u0103.<\/p>\n<p>\u00a0<\/p>\n<p>\u00a0<\/p>\n<p>\u201eReplica coifului descoperit la Co\u021bofene\u0219ti, originalul fiind de aur \u0219i mult mai vechi dec\u00e2t perioada r\u0103zboaielor daco-romane, avea calota rotunjit\u0103, fiind descoperit f\u0103r\u0103 calot\u0103 \u0219i a fost reprodus \u00een genul acesta pentru filmul \u201eDacii\u201d, unde a fost purtat de personajul Decebal, interpretat de Amza Pelea. Dup\u0103 film\u0103ri a r\u0103mas \u00een Muzeul Na\u021bional al Unirii, iar noi \u00eel purt\u0103m la evenimente, la festivaluri&#8221;, a explicat un oficial al muzeuluiu din Alba Iulia.<\/p>\n<p>\u00a0<\/p>","protected":false},"excerpt":{"rendered":"<p>Coiful purtat de Decebal, interpretat de Amza Pellea, \u00een filmul \u201eDacii\u201d din 1966, este o&hellip;<\/p>\n","protected":false},"author":0,"featured_media":26997,"comment_status":"open","ping_status":"open","sticky":false,"template":"","format":"standard","meta":{"footnotes":""},"categories":[2],"tags":[],"class_list":["post-26996","post","type-post","status-publish","format-standard","has-post-thumbnail","hentry","category-actual"],"_links":{"self":[{"href":"https:\/\/247stiri.ro\/index.php\/wp-json\/wp\/v2\/posts\/26996","targetHints":{"allow":["GET"]}}],"collection":[{"href":"https:\/\/247stiri.ro\/index.php\/wp-json\/wp\/v2\/posts"}],"about":[{"href":"https:\/\/247stiri.ro\/index.php\/wp-json\/wp\/v2\/types\/post"}],"replies":[{"embeddable":true,"href":"https:\/\/247stiri.ro\/index.php\/wp-json\/wp\/v2\/comments?post=26996"}],"version-history":[{"count":0,"href":"https:\/\/247stiri.ro\/index.php\/wp-json\/wp\/v2\/posts\/26996\/revisions"}],"wp:featuredmedia":[{"embeddable":true,"href":"https:\/\/247stiri.ro\/index.php\/wp-json\/wp\/v2\/media\/26997"}],"wp:attachment":[{"href":"https:\/\/247stiri.ro\/index.php\/wp-json\/wp\/v2\/media?parent=26996"}],"wp:term":[{"taxonomy":"category","embeddable":true,"href":"https:\/\/247stiri.ro\/index.php\/wp-json\/wp\/v2\/categories?post=26996"},{"taxonomy":"post_tag","embeddable":true,"href":"https:\/\/247stiri.ro\/index.php\/wp-json\/wp\/v2\/tags?post=26996"}],"curies":[{"name":"wp","href":"https:\/\/api.w.org\/{rel}","templated":true}]}}