{"id":27005,"date":"2025-01-27T16:44:51","date_gmt":"2025-01-27T16:44:51","guid":{"rendered":"https:\/\/247stiri.ro\/index.php\/2025\/01\/27\/de-ce-a-nu-a-vrut-florin-piersic-sa-candideze-la-presedintia-romaniei-lectia-de-viata-a-marelui-actor-la-89-de-ani\/"},"modified":"2025-01-27T16:44:51","modified_gmt":"2025-01-27T16:44:51","slug":"de-ce-a-nu-a-vrut-florin-piersic-sa-candideze-la-presedintia-romaniei-lectia-de-viata-a-marelui-actor-la-89-de-ani","status":"publish","type":"post","link":"https:\/\/247stiri.ro\/index.php\/2025\/01\/27\/de-ce-a-nu-a-vrut-florin-piersic-sa-candideze-la-presedintia-romaniei-lectia-de-viata-a-marelui-actor-la-89-de-ani\/","title":{"rendered":"De ce a nu a vrut Florin Piersic s\u0103 candideze la pre\u0219edin\u021bia Rom\u00e2niei. Lec\u021bia de via\u021b\u0103 a marelui actor, la 89 de ani"},"content":{"rendered":"<p>La ceas aniversar, bunul s\u0103u prieten Dan Negru a \u00eemp\u0103rt\u0103\u0219it amintiri pre\u021bioase despre artistul care a str\u0103lucit pe scena rom\u00e2neasc\u0103 timp de decenii, Florin Piersic, un nume sinonim cu talentul \u0219i carisma.<\/p>\n<p>\u201ePot spune c\u0103 Florin Piersic este un monument, unul dintre pu\u021binele care ne-au mai r\u0103mas, e a\u0219a un fel de tezaur, care poate s\u0103 fie \u0219i el furat, a\u0219a cum ni s-au mai furat tezaure. Tezaurul Florin Piersic poate fi furat de ignoran\u021ba noastr\u0103.<\/p>\n<p>Trebuie s\u0103 avem grij\u0103 de valorile noastre, de marii no\u0219tri arti\u0219ti. L-am cunoscut pe Florin cu mul\u021bi ani \u00een urm\u0103, pe c\u00e2nd avea aproape v\u00e2rsta pe care o am eu acum. Am \u00eenv\u0103\u021bat multe de la el, \u00een tot acest timp\u201d.<\/p>\n<p><a title=\"Cum arata Florin Piersic dupa ce s-a refugiat la manastire. Un altfel de Revelion pentru legendarul actor\" href=\"https:\/\/www.realitatea.net\/stiri\/actual\/cum-arata-florin-piersic-dupa-ce-sa-refugiat-la-manastire-un-altfel-de-revelion-pentru-legendarul-actor_67780e381236482c09764fd4\">Cum arat\u0103 Florin Piersic dup\u0103 ce s-a refugiat la m\u0103n\u0103stire. Un altfel de Revelion pentru legendarul actor<\/a><\/p>\n<p>Dan Negru a spus c\u0103 Florin Piersic a primit, de-a lungul timpului, mai multe oferte pentru a candida l func\u021bia suprem\u0103 \u00een stat, dar acesta a refuzat, d\u00e2nd o explica\u021bie \u00een\u021beleapt\u0103 pentru aceast\u0103 decizie:<\/p>\n<p>\u201e\u0218tiu c\u0103 Florin Piersic a avut oferte de a candida la pre\u0219edin\u021bia Rom\u00e2niei, pe departe ar fi luat multe voturi. Dar am am \u00eenv\u0103\u021bat de la el un lucru nemaipomenit \u00een lumea politicii: s\u0103 nu fac nici st\u00e2nga, nici dreapta. E o lec\u021bie de via\u021b\u0103, pe care mie mi-a dat-o Florin. N-am \u021binut cu vreo parte, oricare ar fi ea. La mul\u021bi ani, Florin Piersic!\u201d, a spus Dan Negru pentru Click!<\/p>\n<p>\u00centr-un dialog spumos, purtat chiar \u00een cinematograful \u201eFlorin Piersic\u201d, s\u0103rb\u0103toritul zilei \u0219i-a amintit \u0219i de o p\u0103\u021banie tr\u0103it\u0103 c\u00e2ndva aici:<\/p>\n<p>\u201eAzi, de ziua mea, m\u0103 \u00eent\u00e2lnesc cu cei care-mi sunt mai apropia\u021bi. \u00cemi face mare pl\u0103cere c\u0103 tocmai la cinematograful din Cluj, de care m\u0103 leag\u0103 amintiri extraordinare, \u00eemi \u00eencep ziua. Cea mai minuntat\u0103 zi de na\u0219tere, din to\u021bi anii, a fost tot aici.<\/p>\n<p>Era mult\u0103 lume, mi s-a adus un cal de trac\u021biune, de c\u0103ru\u021b\u0103, era ceva de necrezut, de-abia m-am urcat pe el. C\u00e2nd m-am urcat \u00eens\u0103 mi-au cr\u0103pat pantalonii. Noroc c\u0103 aveam parpalacul lui M\u0103rgelatu pe mine. Iar c\u00e2nd am cobor\u00e2t de pe cal, nu \u0219tiam cum s\u0103 m\u0103 acop\u0103r. Ce mi doresc cel mai mult? S\u0103 fiu din nou pe scen\u0103, cu publicul! S\u0103 ave\u021bi tot ce v\u0103 face bucurie!\u201d,\u00a0este\u00a0mesajul lui Florin Piersic, postat de Dan Negru pe contul s\u0103u de Facebook.\u00a0<\/p>\n<p><a title='Mesaj impresionant din partea lui Florin Piersic catre romani: ,,Trebuie sa avem curajul de a trece peste toate\". Cum se mai simte marele actor' href=\"https:\/\/www.realitatea.net\/stiri\/actual\/mesaj-impresionant-din-partea-lui-florin-piersic-catre-romani-trebuie-sa-avem-curajul-de-a-trece-peste-toate-cum-se-mai-simte-marele-actor_676194556a111822f55e5332\">Mesaj impresionant din partea lui Florin Piersic c\u0103tre rom\u00e2ni: \u201eTrebuie s\u0103 avem curajul de a trece peste toate\u201d. Cum se mai simte marele actor<\/a><\/p>","protected":false},"excerpt":{"rendered":"<p>La ceas aniversar, bunul s\u0103u prieten Dan Negru a \u00eemp\u0103rt\u0103\u0219it amintiri pre\u021bioase despre artistul care&hellip;<\/p>\n","protected":false},"author":0,"featured_media":27006,"comment_status":"open","ping_status":"open","sticky":false,"template":"","format":"standard","meta":{"footnotes":""},"categories":[2],"tags":[],"class_list":["post-27005","post","type-post","status-publish","format-standard","has-post-thumbnail","hentry","category-actual"],"_links":{"self":[{"href":"https:\/\/247stiri.ro\/index.php\/wp-json\/wp\/v2\/posts\/27005","targetHints":{"allow":["GET"]}}],"collection":[{"href":"https:\/\/247stiri.ro\/index.php\/wp-json\/wp\/v2\/posts"}],"about":[{"href":"https:\/\/247stiri.ro\/index.php\/wp-json\/wp\/v2\/types\/post"}],"replies":[{"embeddable":true,"href":"https:\/\/247stiri.ro\/index.php\/wp-json\/wp\/v2\/comments?post=27005"}],"version-history":[{"count":0,"href":"https:\/\/247stiri.ro\/index.php\/wp-json\/wp\/v2\/posts\/27005\/revisions"}],"wp:featuredmedia":[{"embeddable":true,"href":"https:\/\/247stiri.ro\/index.php\/wp-json\/wp\/v2\/media\/27006"}],"wp:attachment":[{"href":"https:\/\/247stiri.ro\/index.php\/wp-json\/wp\/v2\/media?parent=27005"}],"wp:term":[{"taxonomy":"category","embeddable":true,"href":"https:\/\/247stiri.ro\/index.php\/wp-json\/wp\/v2\/categories?post=27005"},{"taxonomy":"post_tag","embeddable":true,"href":"https:\/\/247stiri.ro\/index.php\/wp-json\/wp\/v2\/tags?post=27005"}],"curies":[{"name":"wp","href":"https:\/\/api.w.org\/{rel}","templated":true}]}}