{"id":27007,"date":"2025-01-27T16:44:52","date_gmt":"2025-01-27T16:44:52","guid":{"rendered":"https:\/\/247stiri.ro\/index.php\/2025\/01\/27\/purtatorul-de-cuvant-al-psd-reactie-pe-raportul-comisiei-de-la-venetia-si-eu-simt-nevoia-unor-dovezi-suplimentare-despre-anularea-alegerilor\/"},"modified":"2025-01-27T16:44:52","modified_gmt":"2025-01-27T16:44:52","slug":"purtatorul-de-cuvant-al-psd-reactie-pe-raportul-comisiei-de-la-venetia-si-eu-simt-nevoia-unor-dovezi-suplimentare-despre-anularea-alegerilor","status":"publish","type":"post","link":"https:\/\/247stiri.ro\/index.php\/2025\/01\/27\/purtatorul-de-cuvant-al-psd-reactie-pe-raportul-comisiei-de-la-venetia-si-eu-simt-nevoia-unor-dovezi-suplimentare-despre-anularea-alegerilor\/","title":{"rendered":"Purt\u0103torul de cuv\u00e2nt al PSD, reac\u021bie pe raportul Comisiei de la Vene\u021bia: \u201e\u0218i eu simt nevoia unor dovezi suplimentare despre anularea alegerilor\u201d"},"content":{"rendered":"<p>Lucian Roma\u0219canu a fost \u00eentrebat cum comenteaz\u0103 pozi\u021bia Comisiei de la Vene\u021bia, care a spus c\u0103 pentru anularea alegerilor preziden\u021biale este nevoie de dovezi palpabile \u0219i nu se poate merge doar pe dovezi clasificate.<\/p>\n<p>\u201dAsta trebuie s\u0103 r\u0103spund\u0103 cei care au emis acea hot\u0103r\u00e2re \u0219i anume Curtea Constitu\u021bional\u0103. Eu nu pot s\u0103 comentez. Pot, \u00een spa\u021biul privat \u0219i cu dumneavoastr\u0103, eventual, dac\u0103 putem s\u0103 spunem asta ca fiind o discu\u021bie extrapolitic\u0103, da, \u0219i eu simt nevoia s\u0103 fie mai multe dovezi despre ceea ce s-a \u00eent\u00e2mplat acolo, dar p\u00e2n\u0103 la urm\u0103 CCR trebuie s\u0103 explice. (&#8230;) Eu, personal, simt nevoia unor dovezi suplimentare. \u00cen schimb, dac\u0103 CCR a decis acest lucru, ne-am asumat aceast\u0103 decizie \u0219i, \u00een consecin\u021b\u0103, turul doi nu mai exist\u0103\u201d, a spus Roma\u0219canu la Palatul Victoria.<\/p>\n<p>Comisia de la Vene\u021bia, organ consultativ al Consiliului Europei, a f\u0103cut public luni un raport pe tema anul\u0103rii alegerilor preziden\u021biale din Rom\u00e2nia de c\u0103tre Curtea Constitu\u021bional\u0103 \u00een care consider\u0103, \u00eentre altele, c\u0103 anularea alegerilor poate fi permis\u0103 doar \u00een circumstan\u021be excep\u021bionale.<\/p>\n<p>Raportul subliniaz\u0103 c\u0103 doar \u00een anumite circumstan\u021be &#8211; \u0219i dac\u0103 sunt \u00eendeplinite mai multe condi\u021bii \u0219i garan\u021bii &#8211; o instan\u021b\u0103 constitu\u021bional\u0103 poate invalida alegerile.<\/p>\n<p><a title=\"Nicusor Dan, dupa raportul Comisiei de la Venetia: Trebuie sa avem dovezi\" href=\"https:\/\/www.realitatea.net\/stiri\/actual\/nicusor-dan-dupa-raportul-comisiei-de-la-venetia-trebuie-sa-avem-dovezi_67977f52e70ab53d1314aa73\">Nicu\u0219or Dan, dup\u0103 raportul Comisiei de la Vene\u021bia: Trebuie s\u0103 avem dovezi<\/a><\/p>","protected":false},"excerpt":{"rendered":"<p>Lucian Roma\u0219canu a fost \u00eentrebat cum comenteaz\u0103 pozi\u021bia Comisiei de la Vene\u021bia, care a spus&hellip;<\/p>\n","protected":false},"author":0,"featured_media":26988,"comment_status":"open","ping_status":"open","sticky":false,"template":"","format":"standard","meta":{"footnotes":""},"categories":[2],"tags":[],"class_list":["post-27007","post","type-post","status-publish","format-standard","has-post-thumbnail","hentry","category-actual"],"_links":{"self":[{"href":"https:\/\/247stiri.ro\/index.php\/wp-json\/wp\/v2\/posts\/27007","targetHints":{"allow":["GET"]}}],"collection":[{"href":"https:\/\/247stiri.ro\/index.php\/wp-json\/wp\/v2\/posts"}],"about":[{"href":"https:\/\/247stiri.ro\/index.php\/wp-json\/wp\/v2\/types\/post"}],"replies":[{"embeddable":true,"href":"https:\/\/247stiri.ro\/index.php\/wp-json\/wp\/v2\/comments?post=27007"}],"version-history":[{"count":0,"href":"https:\/\/247stiri.ro\/index.php\/wp-json\/wp\/v2\/posts\/27007\/revisions"}],"wp:featuredmedia":[{"embeddable":true,"href":"https:\/\/247stiri.ro\/index.php\/wp-json\/wp\/v2\/media\/26988"}],"wp:attachment":[{"href":"https:\/\/247stiri.ro\/index.php\/wp-json\/wp\/v2\/media?parent=27007"}],"wp:term":[{"taxonomy":"category","embeddable":true,"href":"https:\/\/247stiri.ro\/index.php\/wp-json\/wp\/v2\/categories?post=27007"},{"taxonomy":"post_tag","embeddable":true,"href":"https:\/\/247stiri.ro\/index.php\/wp-json\/wp\/v2\/tags?post=27007"}],"curies":[{"name":"wp","href":"https:\/\/api.w.org\/{rel}","templated":true}]}}