{"id":27010,"date":"2025-01-27T17:45:34","date_gmt":"2025-01-27T17:45:34","guid":{"rendered":"https:\/\/247stiri.ro\/index.php\/2025\/01\/27\/ministrul-mediului-ii-baga-pe-sefii-romsilva-in-sedinta-dupa-dezvaluirile-despre-beneficiile-halucinante\/"},"modified":"2025-01-27T17:45:34","modified_gmt":"2025-01-27T17:45:34","slug":"ministrul-mediului-ii-baga-pe-sefii-romsilva-in-sedinta-dupa-dezvaluirile-despre-beneficiile-halucinante","status":"publish","type":"post","link":"https:\/\/247stiri.ro\/index.php\/2025\/01\/27\/ministrul-mediului-ii-baga-pe-sefii-romsilva-in-sedinta-dupa-dezvaluirile-despre-beneficiile-halucinante\/","title":{"rendered":"Ministrul Mediului \u00eei bag\u0103 pe \u0219efii Romsilva \u00een \u015fedin\u0163\u0103, dup\u0103 dezv\u0103luirile despre BENEFICIILE halucinante"},"content":{"rendered":"<p>Ministrul Mediului, Apelor \u015fi P\u0103durilor, Mircea Fechet, a convocat conducerea Regiei Na\u0163ionale a P\u0103durilor \u2013 Romsilva, miercuri, de la ora 11:00, la sediul MMAP, a transmis luni, ministerul.<\/p>\n<p>\u015eedin\u0163a de lucru va vaea ca tem\u0103 performan\u0163ele economice ale Romsilva \u00een 2024, proiec\u0163ia bugetar\u0103 aferent\u0103 anului 2025, prevederile contractului colectiv de munc\u0103, restructurarea institu\u0163iei \u015fi a structurilor teritoriale din subordine.<\/p>\n<p>Ministrul Mediului, Mircea Fechet, a afirmat, s\u00e2mb\u0103t\u0103, c\u0103 va lua c\u00e2t de cur\u00e2nd o decizie privind reorgnizarea Romsilva \u015fi c\u0103 unele direc\u0163ii silvice vor fi desfiin\u0163ate.\u00a0<\/p>\n<p><a title='Ministrul Mediului ameninta cu restructurarile la Romsilva: ,,In masura in care nu faci profit, te desfiintez!\"' href=\"https:\/\/www.realitatea.net\/stiri\/actual\/ministrul-mediului-incepe-restructurarile-si-la-romsilva-in-masura-in-care-nu-faci-profit-te-desfiintez_6795433867c7651bdb31fcf2\">Ministrul Mediului amenin\u021b\u0103 cu restructur\u0103rile la Romsilva: \u201e\u00cen m\u0103sura \u00een care nu faci profit, te desfiin\u021bez!\u201d<\/a>\u00a0<a title=\"Institutia de stat unde se da prima de pensionare de 100.000 de euro. Ce spune ministrul de resort despre mega-bonusul norocosului pensionar\" href=\"https:\/\/www.realitatea.net\/stiri\/actual\/institutia-de-stat-unde-se-da-prima-de-pensionare-de-100000-de-euro-ce-spune-ministrul-de-resort-despre-megabonusul-norocosului-pensionar_67920e3c1a13ae7d2c4185e6\">Institu\u021bia de stat unde se d\u0103 prim\u0103 de pensionare de 100.000 de euro. Ce spune ministrul de resort despre mega-bonusul norocosului pensionar<\/a><\/p>","protected":false},"excerpt":{"rendered":"<p>Ministrul Mediului, Apelor \u015fi P\u0103durilor, Mircea Fechet, a convocat conducerea Regiei Na\u0163ionale a P\u0103durilor \u2013&hellip;<\/p>\n","protected":false},"author":0,"featured_media":27011,"comment_status":"open","ping_status":"open","sticky":false,"template":"","format":"standard","meta":{"footnotes":""},"categories":[2],"tags":[],"class_list":["post-27010","post","type-post","status-publish","format-standard","has-post-thumbnail","hentry","category-actual"],"_links":{"self":[{"href":"https:\/\/247stiri.ro\/index.php\/wp-json\/wp\/v2\/posts\/27010","targetHints":{"allow":["GET"]}}],"collection":[{"href":"https:\/\/247stiri.ro\/index.php\/wp-json\/wp\/v2\/posts"}],"about":[{"href":"https:\/\/247stiri.ro\/index.php\/wp-json\/wp\/v2\/types\/post"}],"replies":[{"embeddable":true,"href":"https:\/\/247stiri.ro\/index.php\/wp-json\/wp\/v2\/comments?post=27010"}],"version-history":[{"count":0,"href":"https:\/\/247stiri.ro\/index.php\/wp-json\/wp\/v2\/posts\/27010\/revisions"}],"wp:featuredmedia":[{"embeddable":true,"href":"https:\/\/247stiri.ro\/index.php\/wp-json\/wp\/v2\/media\/27011"}],"wp:attachment":[{"href":"https:\/\/247stiri.ro\/index.php\/wp-json\/wp\/v2\/media?parent=27010"}],"wp:term":[{"taxonomy":"category","embeddable":true,"href":"https:\/\/247stiri.ro\/index.php\/wp-json\/wp\/v2\/categories?post=27010"},{"taxonomy":"post_tag","embeddable":true,"href":"https:\/\/247stiri.ro\/index.php\/wp-json\/wp\/v2\/tags?post=27010"}],"curies":[{"name":"wp","href":"https:\/\/api.w.org\/{rel}","templated":true}]}}