{"id":27028,"date":"2025-01-27T18:46:02","date_gmt":"2025-01-27T18:46:02","guid":{"rendered":"https:\/\/247stiri.ro\/index.php\/2025\/01\/27\/pamanturile-romanesti-au-intrat-in-vizorul-fermierilor-austrieci-se-produce-mai-bine-aici\/"},"modified":"2025-01-27T18:46:02","modified_gmt":"2025-01-27T18:46:02","slug":"pamanturile-romanesti-au-intrat-in-vizorul-fermierilor-austrieci-se-produce-mai-bine-aici","status":"publish","type":"post","link":"https:\/\/247stiri.ro\/index.php\/2025\/01\/27\/pamanturile-romanesti-au-intrat-in-vizorul-fermierilor-austrieci-se-produce-mai-bine-aici\/","title":{"rendered":"P\u0103m\u00e2nturile rom\u00e2ne\u0219ti au intrat \u00een vizorul fermierilor austrieci: &#8222;Se produce mai bine aici&#8221;"},"content":{"rendered":"<p>Marcus Pechtl, proprietarul unei ferme din Austria, afirm\u0103 c\u0103 terenul necesar pentru afacerea sa este foarte rar \u0219i costisitor. El \u00ee\u0219i desf\u0103\u0219oar\u0103 activitatea \u00een principal pentru clien\u021bi din industria hotelier\u0103 \u0219i pentru marile re\u021bele de supermarketuri din Austria. Conform publica\u021biei <a href=\"https:\/\/www.freshplaza.com\/europe\/article\/9697297\/we-are-only-of-interest-if-we-can-deliver-goods-by-the-crate-or-pallet\/\" target=\"_blank\">Fresh Plaza<\/a>, antreprenorul are \u00een plan s\u0103-\u0219i extind\u0103 noua afacere de export, Europa Fresh, \u00een Rom\u00e2nia.<\/p>\n<p>&#8222;Export\u0103m deja produse precum cartofi, ceap\u0103, morcovi \u0219i, din acest an, ridichi ro\u0219ii \u00een Germania \u0219i le oferim clien\u021bilor obi\u0219nui\u021bi de pe pia\u021ba angro din M\u00fcnchen. Dar chiar \u0219i pentru produsele de ni\u0219\u0103 mai mici, un furnizor este interesant pentru angrosistii locali doar dac\u0103 poate livra produsul \u00een l\u0103zi sau pale\u021bi. Din p\u0103cate, pre\u021burile ridicate ale terenurilor din regiunea noastr\u0103 \u00eengreuneaz\u0103 extinderea recoltelor noastre.\u201dDin cauza condi\u021biilor dificile, Pechtl a decis s\u0103 \u00eenceap\u0103 o afacere de legumicultur\u0103 \u00een regiunea Transilvania din Rom\u00e2nia.<\/p>\n<p><a title='Producatorii locali, in prag de FALIMENT! Romanii aleg supermaketurile in detrimentul produselor locale: \"Noi stam in piete si asteptam\"' href=\"https:\/\/www.realitatea.net\/stiri\/actual\/producatorii-locali-in-prag-de-faliment-romanii-aleg-supermaketurile-in-detrimentul-produselor-locale-noi-stam-in-piete-si-asteptam_6788a353c3a8f01c6b1af772\">Produc\u0103torii locali, \u00een prag de FALIMENT! Rom\u00e2nii aleg supermaketurile \u00een detrimentul produselor locale: &#8222;Noi st\u0103m \u00een pie\u021be \u0219i a\u0219tept\u0103m&#8221;<\/a>&#8222;\u00cen aceast\u0103 \u021bar\u0103, costurile de teren \u0219i de gestionare sunt mai mici, iar condi\u021biile generale de produc\u021bie sunt mai bune&#8221;, explic\u0103 Marcus.Fermierul a g\u0103sit teren disponibil prin intermediul unei agen\u021bii specializate \u0219i a \u00eenfiin\u021bat aici o societate cu r\u0103spundere limitat\u0103.&#8221;Scopul este s\u0103 \u00eencepem cu 50-100 de hectare \u0219i s\u0103 extindem treptat capacitatea de cultur\u0103 p\u00e2n\u0103 la 200-300 de hectare. Ini\u021bial vom \u00eencepe cu culturi standard precum cereale, cartofi, varz\u0103 \u0219i salat\u0103 verde vor cre\u0219te \u0219i culturi de ni\u0219\u0103 precum broccoli s\u0103lbatic, varz\u0103 ro\u0219ie \u0219i soiuri speciale de sfecl\u0103 ro\u0219ie, pe care le-am testat deja \u00een Tirol. Produc\u021bia principal\u0103 ar avea loc \u00een Rom\u00e2nia.\u201d spune el.<\/p>\n<p>Austriacul consider\u0103 c\u0103 are un oarecare avantaj pe aceast\u0103 pia\u021b\u0103, pentru c\u0103 partenera sa de via\u021b\u0103 este o rom\u00e2nc\u0103. El spune c\u0103 a decis s\u0103 se concentreze pe o baz\u0103 larg\u0103 de clien\u021bi. &#8222;Ini\u021bial, dorim s\u0103 oferim clien\u021bilor no\u0219tri existen\u021bi produse cultivate local, cum ar fi sectorul restaurantelor \u0219i pia\u021ba angro din M\u00fcnchen. Dar dac\u0103 totul merge conform planului, ne putem g\u00e2ndi \u0219i la furnizarea direct\u0103 a comercian\u021bilor cu am\u0103nuntul din Austria. Urm\u0103torul pas ar fi deservirea pie\u021bei interne rom\u00e2ne\u0219ti \u0219i a clien\u021bilor din \u021b\u0103rile vecine, precum Bulgaria&#8221;, spune fermierul.<\/p>\n<p><a title=\"Ajutor de la stat pentru motorina din agricultura. Vesti bune pentru fermieri\" href=\"https:\/\/www.realitatea.net\/stiri\/actual\/ajutor-de-la-stat-pentru-motorina-din-agricultura-vesti-bune-pentru-fermieri_679204fa977e13682303e6a2\">Ajutor de la stat pentru motorina din agricultur\u0103. Ve\u0219ti bune pentru fermieri<\/a><\/p>","protected":false},"excerpt":{"rendered":"<p>Marcus Pechtl, proprietarul unei ferme din Austria, afirm\u0103 c\u0103 terenul necesar pentru afacerea sa este&hellip;<\/p>\n","protected":false},"author":0,"featured_media":27029,"comment_status":"open","ping_status":"open","sticky":false,"template":"","format":"standard","meta":{"footnotes":""},"categories":[2],"tags":[],"class_list":["post-27028","post","type-post","status-publish","format-standard","has-post-thumbnail","hentry","category-actual"],"_links":{"self":[{"href":"https:\/\/247stiri.ro\/index.php\/wp-json\/wp\/v2\/posts\/27028","targetHints":{"allow":["GET"]}}],"collection":[{"href":"https:\/\/247stiri.ro\/index.php\/wp-json\/wp\/v2\/posts"}],"about":[{"href":"https:\/\/247stiri.ro\/index.php\/wp-json\/wp\/v2\/types\/post"}],"replies":[{"embeddable":true,"href":"https:\/\/247stiri.ro\/index.php\/wp-json\/wp\/v2\/comments?post=27028"}],"version-history":[{"count":0,"href":"https:\/\/247stiri.ro\/index.php\/wp-json\/wp\/v2\/posts\/27028\/revisions"}],"wp:featuredmedia":[{"embeddable":true,"href":"https:\/\/247stiri.ro\/index.php\/wp-json\/wp\/v2\/media\/27029"}],"wp:attachment":[{"href":"https:\/\/247stiri.ro\/index.php\/wp-json\/wp\/v2\/media?parent=27028"}],"wp:term":[{"taxonomy":"category","embeddable":true,"href":"https:\/\/247stiri.ro\/index.php\/wp-json\/wp\/v2\/categories?post=27028"},{"taxonomy":"post_tag","embeddable":true,"href":"https:\/\/247stiri.ro\/index.php\/wp-json\/wp\/v2\/tags?post=27028"}],"curies":[{"name":"wp","href":"https:\/\/api.w.org\/{rel}","templated":true}]}}