{"id":27031,"date":"2025-01-27T18:46:03","date_gmt":"2025-01-27T18:46:03","guid":{"rendered":"https:\/\/247stiri.ro\/index.php\/2025\/01\/27\/descoperire-in-cazul-artefactelor-dacice-furate-politistii-olandezi-au-gasit-barosul-folosit-de-hoti-pentru-a-intra-in-muzeu\/"},"modified":"2025-01-27T18:46:03","modified_gmt":"2025-01-27T18:46:03","slug":"descoperire-in-cazul-artefactelor-dacice-furate-politistii-olandezi-au-gasit-barosul-folosit-de-hoti-pentru-a-intra-in-muzeu","status":"publish","type":"post","link":"https:\/\/247stiri.ro\/index.php\/2025\/01\/27\/descoperire-in-cazul-artefactelor-dacice-furate-politistii-olandezi-au-gasit-barosul-folosit-de-hoti-pentru-a-intra-in-muzeu\/","title":{"rendered":"Descoperire \u00een cazul artefactelor dacice furate. Poli\u021bi\u0219tii olandezi au g\u0103sit barosul folosit de ho\u021bi pentru a intra \u00een muzeu"},"content":{"rendered":"<p>Obiectul a fost g\u0103sit \u00een lacul din apropiere, ceea ce ofer\u0103 o speran\u021b\u0103 \u00een identificarea f\u0103pta\u0219ilor \u0219i recuperarea comorii.<\/p>\n<p>Dup\u0103 o or\u0103 de c\u0103ut\u0103ri intense \u00een hele\u0219teul de l\u00e2ng\u0103 muzeu, echipa de criminali\u0219ti a reu\u0219it s\u0103 localizeze barosul, care va fi analizat \u00een laborator pentru a se aduna mai multe dovezi. Aceast\u0103 descoperire subliniaz\u0103 determinarea autorit\u0103\u021bilor olandeze de a rezolva acest caz complicat, av\u00e2nd \u00een vedere valoarea inestimabil\u0103 a obiectelor furate, despre care se estimeaz\u0103 c\u0103 au o vechime de peste dou\u0103 mii \u0219i cinci sute de ani.<\/p>\n<p>Ancheta se desf\u0103\u0219oar\u0103 \u00eentr-un climat de \u00eengrijorare, av\u00e2nd \u00een vedere c\u0103 poli\u021bi\u0219tii se tem c\u0103 aceste artefacte deosebite ar putea disp\u0103rea pe pia\u021ba neagr\u0103 sau, mai grav, ar putea fi distruse prin topire. Pistele urm\u0103rite de anchetatori sugereaz\u0103 c\u0103 f\u0103pta\u0219ii ar putea fi membri ai unei grup\u0103ri de ho\u021bi rom\u00e2ni sau ai unei temute organiza\u021bii libanezo-kurde, ceea ce complic\u0103 \u0219i mai mult investiga\u021bia.<\/p>\n<p><a title='Ministrul Culturii sufla si in iaurt dupa furtul coifului dacic: ,,Voi analiza oportunitatea scoaterii din tara a obiectelor inestimabile\"' href=\"https:\/\/www.realitatea.net\/stiri\/actual\/ministrul-culturii-sufla-si-in-iaurt-dupa-furtul-coifului-dacic-voi-analiza-oportunitatea-scoaterii-din-tara-a-obiectelor-inestimabile_6797a2d51edb3e356756c4c2\">Ministrul Culturii sufl\u0103 \u0219i \u00een iaurt dup\u0103 furtul coifului dacic: \u201eVoi analiza oportunitatea scoaterii din \u021bar\u0103 a obiectelor inestimabile\u201d<\/a><\/p>\n<p>Camerele de supraveghere au surprins momentul jafului, \u00eenregistr\u00e2nd imagini cu trei indivizi masca\u021bi, echipa\u021bi cu cagule \u0219i m\u0103nu\u0219i, care au aruncat \u00een aer intrarea \u00een muzeu. Aceste dovezi video ar putea fi cruciale \u00een identificarea \u0219i capturarea ho\u021bilor.<\/p>\n<p>\u00cen prezent, 35 de poli\u021bi\u0219ti olandezi sunt mobiliza\u021bi pentru a urm\u0103ri toate pistele disponibile, lupt\u00e2nd \u00eempotriva timpului pentru a recupera comoara dacic\u0103 \u00eenainte ca aceasta s\u0103 dispar\u0103 complet. \u00cen aceast\u0103 perioad\u0103 critic\u0103, colaborarea interna\u021bional\u0103 va fi esen\u021bial\u0103 pentru a asigura c\u0103 aceste artefacte valoroase \u0219i parte a patrimoniului cultural sunt salvate \u0219i restituite.<\/p>\n<p>R\u0103m\u00e2ne de v\u0103zut cum se va desf\u0103\u0219ura aceast\u0103 investiga\u021bie \u0219i ce m\u0103suri vor fi luate pentru a preveni astfel de infrac\u021biuni \u00een viitor, dar descoperirea barosului aduce o raz\u0103 de speran\u021b\u0103 \u00een recuperarea acestor comori de nepre\u021buit.<\/p>\n<p>Assen este un ora\u0219 lini\u0219tit, situat la 200 de kilometri distan\u021b\u0103 de Amsterdam. \u00cen jurul muzeului, nu exist\u0103 deloc agita\u021bie, iar intrarea prin care au p\u0103truns ho\u021bii este ascuns\u0103 privirilor trec\u0103torilor. Aceasta se afl\u0103 \u00eentr-o zon\u0103 dup\u0103 un gard, \u00een curtea interioar\u0103, accesibil\u0103 cu u\u0219urin\u021b\u0103 dac\u0103 se taie lan\u021bul de la poart\u0103. De aceea, nimeni nu a observat ac\u021biunea lor, iar singurele dovezi sunt imaginile surprinse de camerele de supraveghere. Autorit\u0103\u021bile din Olanda au solicitat ajutorul cet\u0103\u021benilor pentru a oferi orice informa\u021bie care ar putea conduce la identificarea ho\u021bilor, primind p\u00e2n\u0103 acum peste 60 de indicii.<\/p>\n<p><a title=\"Dialog cu scantei intre ministrii de Externe roman si olandez dupa furtul coifului dacic. Oficialul MAE a insistat asupra unui aspect important\" href=\"https:\/\/www.realitatea.net\/stiri\/actual\/dialog-cu-scantei-intre-ministrii-de-externe-roman-si-olandez-dupa-furtul-coifului-dacic-oficialul-mae-a-insistat-asupra-unui-aspect-important_6797b6894a703e3654024492\">Dialog cu sc\u00e2ntei \u00eentre mini\u0219trii de Externe rom\u00e2n \u0219i olandez dup\u0103 furtul coifului dacic. Oficialul MAE a insistat asupra unui aspect important<\/a><\/p>","protected":false},"excerpt":{"rendered":"<p>Obiectul a fost g\u0103sit \u00een lacul din apropiere, ceea ce ofer\u0103 o speran\u021b\u0103 \u00een identificarea&hellip;<\/p>\n","protected":false},"author":0,"featured_media":27032,"comment_status":"open","ping_status":"open","sticky":false,"template":"","format":"standard","meta":{"footnotes":""},"categories":[2],"tags":[],"class_list":["post-27031","post","type-post","status-publish","format-standard","has-post-thumbnail","hentry","category-actual"],"_links":{"self":[{"href":"https:\/\/247stiri.ro\/index.php\/wp-json\/wp\/v2\/posts\/27031","targetHints":{"allow":["GET"]}}],"collection":[{"href":"https:\/\/247stiri.ro\/index.php\/wp-json\/wp\/v2\/posts"}],"about":[{"href":"https:\/\/247stiri.ro\/index.php\/wp-json\/wp\/v2\/types\/post"}],"replies":[{"embeddable":true,"href":"https:\/\/247stiri.ro\/index.php\/wp-json\/wp\/v2\/comments?post=27031"}],"version-history":[{"count":0,"href":"https:\/\/247stiri.ro\/index.php\/wp-json\/wp\/v2\/posts\/27031\/revisions"}],"wp:featuredmedia":[{"embeddable":true,"href":"https:\/\/247stiri.ro\/index.php\/wp-json\/wp\/v2\/media\/27032"}],"wp:attachment":[{"href":"https:\/\/247stiri.ro\/index.php\/wp-json\/wp\/v2\/media?parent=27031"}],"wp:term":[{"taxonomy":"category","embeddable":true,"href":"https:\/\/247stiri.ro\/index.php\/wp-json\/wp\/v2\/categories?post=27031"},{"taxonomy":"post_tag","embeddable":true,"href":"https:\/\/247stiri.ro\/index.php\/wp-json\/wp\/v2\/tags?post=27031"}],"curies":[{"name":"wp","href":"https:\/\/api.w.org\/{rel}","templated":true}]}}