{"id":27037,"date":"2025-01-27T19:45:47","date_gmt":"2025-01-27T19:45:47","guid":{"rendered":"https:\/\/247stiri.ro\/index.php\/2025\/01\/27\/sinucigasii-nord-coreeni-de-pe-frontul-din-ucraina-se-arunca-in-aer-cu-grenade-decat-sa-riste-sa-fie-capturati\/"},"modified":"2025-01-27T19:45:47","modified_gmt":"2025-01-27T19:45:47","slug":"sinucigasii-nord-coreeni-de-pe-frontul-din-ucraina-se-arunca-in-aer-cu-grenade-decat-sa-riste-sa-fie-capturati","status":"publish","type":"post","link":"https:\/\/247stiri.ro\/index.php\/2025\/01\/27\/sinucigasii-nord-coreeni-de-pe-frontul-din-ucraina-se-arunca-in-aer-cu-grenade-decat-sa-riste-sa-fie-capturati\/","title":{"rendered":"Sinuciga\u0219ii nord-coreeni de pe frontul din Ucraina: \u201eSe arunc\u0103 \u00een aer cu grenade, dec\u00e2t s\u0103 ri\u0219te s\u0103 fie captura\u021bi\u201d"},"content":{"rendered":"<p>Trupele nord-coreene par s\u0103 fi efectuat o retragere temporar\u0103 de pe linia frontului din Rusia, conform declara\u021biilor unui comandant al for\u021belor speciale ucrainene. Acesta, cunoscut sub numele de cod \u201ePuls\u201d, a men\u021bionat c\u0103 solda\u021bii lui Kim Jong Un fie au \u00eenv\u0103\u021bat din gre\u0219elile comise \u00een timpul primelor lor confrunt\u0103ri violente cu armata ucrainean\u0103, fie \u00ee\u0219i \u00eengrijesc r\u0103ni\u021bii, ori a\u0219teapt\u0103 sosirea unor \u00eent\u0103riri.<\/p>\n<p>\u201eCred c\u0103 se vor \u00eentoarce cur\u00e2nd\u201d, a spus el, vorbind la o baz\u0103 secret\u0103 din nord-estul Ucrainei, pentru\u00a0<a href=\"https:\/\/news.sky.com\/story\/north-koreans-blow-themselves-up-with-grenades-rather-than-risk-capture-say-ukraine-soldiers-13297508\">Sky News.<\/a><\/p>\n<p>Conform comandantului ucrainean, discu\u021biile cu mai mul\u021bi solda\u021bi scot la iveal\u0103 informa\u021bii esen\u021biale despre modul \u00een care nord-coreenii au ac\u021bionat de la sosirea lor pe c\u00e2mpul de lupt\u0103 \u00een regiunea Kursk, luna trecut\u0103. Printre aceste detalii se num\u0103r\u0103:<\/p>\n<p>O aparent\u0103 lips\u0103 ini\u021bial\u0103 de con\u0219tientizare privind amenin\u021b\u0103rile reprezentate de drone \u0219i artilerie, solda\u021bii nord-coreeni atac\u00e2nd pe jos \u201eca \u00een timpul celui de-al Doilea R\u0103zboi Mondial\u201d, \u00een grupuri de 20, 40 sau chiar 60 de persoane, devenind astfel \u021binte u\u0219or accesibile.<\/p>\n\n<p>Fenomenul de \u201esp\u0103lare a creierului\u201d, care \u00eei determin\u0103 s\u0103 continue avansul \u00een ciuda focului ucrainean \u0219i a pierderilor suferite de camarazii lor \u00een jur.<\/p>\n<p>O dorin\u021b\u0103 de a elimina dovezile prezen\u021bei lor \u00een zona de conflict, nord-coreenii purt\u00e2nd c\u0103\u0219ti albe fiind observa\u021bi \u00een \u00eencercarea de a recupera r\u0103ni\u021bii \u0219i mor\u021bii.<\/p>\n<p><a title='Vladimir Putin este ,,pregatit\" sa discute cu Donald Trump despre razboiul din Ucraina, anunta Kremlinul' href=\"https:\/\/www.realitatea.net\/stiri\/actual\/vladimir-putin-este-pregatit-sa-discute-cu-donald-trump-despre-razboiul-din-ucraina-anunta-kremlinul_6793faa6a102de21795b8f03\">Vladimir Putin este \u201epreg\u0103tit\u201d s\u0103 discute cu Donald Trump despre r\u0103zboiul din Ucraina, anun\u021b\u0103 Kremlinu<\/a><\/p>\n<p>Refuzul de a fi captura\u021bi, exist\u00e2nd afirma\u021bii conform c\u0103rora nord-coreenii ar fi fost v\u0103zu\u021bi arunc\u00e2ndu-se \u00een aer cu grenade \u00een loc s\u0103 ri\u0219te s\u0103 fie captura\u021bi. \u201ePuls\u201d a relatat chiar c\u0103 un nord-coreean a fost auzit strig\u00e2nd \u201ePentru generalul Kim Jong Un\u201d \u00eenainte de a se sinucide.<\/p>\n\n<p>O coordonare slab\u0103 \u00eentre for\u021bele nord-coreene \u0219i cele ruse, cauzat\u0103 de bariera lingvistic\u0103. Un soldat a declarat c\u0103 intercept\u0103rile radio au relevat c\u0103 nord-coreenii au \u021bintit accidental pozi\u021bii ruse\u0219ti. De asemenea, el a men\u021bionat c\u0103 ace\u0219tia au atacat pozi\u021biile ucrainene, suferind pierderi, dar trupele ruse nu au reu\u0219it s\u0103 valorifice c\u00e2\u0219tigurile ob\u021binute.<\/p>\n<p>Un echipament mai bun dec\u00e2t al multor ru\u0219i, inclusiv pu\u0219ti \u0219i uniforme, dar o lips\u0103 de armur\u0103 grea, nord-coreenii deplas\u00e2ndu-se doar pe jos \u0219i folosind c\u0103rucioare de golf pentru a transporta muni\u021bia.<\/p>\n<p>\u201eTo\u021bi erau ra\u0219i \u0219i perfect aranja\u021bi, ca ni\u0219te modele\u201d,\u00a0a spus \u201ePuls\u201d.<\/p>\n<p>\u201eFiecare dintre ei &#8211; f\u0103r\u0103 barb\u0103, p\u0103r ne\u00eengrijit sau chelie&#8230; De asemenea, era greu s\u0103 le determini v\u00e2rsta. To\u021bi p\u0103reau s\u0103 aib\u0103 \u00eentre 25 \u0219i 35 de ani, poate p\u00e2n\u0103 la 40.\u201d<\/p>\n\n<p>Unul dintre colaboratorii lui Puls, cunoscut sub numele de cod \u201eTrainer\u201d, a declarat c\u0103 a fost uimit de faptul c\u0103 nord-coreenii aveau doar muni\u021bie \u0219i ciocolat\u0103 ca resurse pentru a-i sus\u021bine \u00een lupt\u0103.<\/p>\n<p>\u201eNiciun soldat nu avea o sticl\u0103 cu ap\u0103. Se bazeaz\u0103 pe ideea c\u0103 vor ataca, vor ocupa pozi\u021bii \u0219i apoi vor m\u00e2nca \u0219i se vor hr\u0103ni din proviziile noastre\u201d, a explicat soldatul.<\/p>\n<p>Pre\u0219edintele ucrainean Volodimir Zelenski a afirmat s\u0103pt\u0103m\u00e2na trecut\u0103 c\u0103 aproximativ 4.000 de solda\u021bi nord-coreeni au fost deja uci\u0219i sau r\u0103ni\u021bi.<\/p>\n<p><a title=\"Trump da in continuare ajutor Israelului, dar nu si Ucrainei! SUA ingheata aproape toate programele de asistenta externa\" href=\"https:\/\/www.realitatea.net\/stiri\/extern\/trump-da-in-continuare-ajutor-israelului-dar-nu-si-ucrainei-sua-ingheata-aproape-toate-programele-de-asistenta-externa_67965d40470ec227fc7e5942\">Trump d\u0103 \u00een continuare ajutor Israelului, dar nu \u0219i Ucrainei! SUA \u00eenghea\u021b\u0103 aproape toate programele de asisten\u021b\u0103 extern\u0103<\/a><\/p>\n<p>\u00a0<\/p>","protected":false},"excerpt":{"rendered":"<p>Trupele nord-coreene par s\u0103 fi efectuat o retragere temporar\u0103 de pe linia frontului din Rusia,&hellip;<\/p>\n","protected":false},"author":0,"featured_media":27034,"comment_status":"open","ping_status":"open","sticky":false,"template":"","format":"standard","meta":{"footnotes":""},"categories":[2],"tags":[],"class_list":["post-27037","post","type-post","status-publish","format-standard","has-post-thumbnail","hentry","category-actual"],"_links":{"self":[{"href":"https:\/\/247stiri.ro\/index.php\/wp-json\/wp\/v2\/posts\/27037","targetHints":{"allow":["GET"]}}],"collection":[{"href":"https:\/\/247stiri.ro\/index.php\/wp-json\/wp\/v2\/posts"}],"about":[{"href":"https:\/\/247stiri.ro\/index.php\/wp-json\/wp\/v2\/types\/post"}],"replies":[{"embeddable":true,"href":"https:\/\/247stiri.ro\/index.php\/wp-json\/wp\/v2\/comments?post=27037"}],"version-history":[{"count":0,"href":"https:\/\/247stiri.ro\/index.php\/wp-json\/wp\/v2\/posts\/27037\/revisions"}],"wp:featuredmedia":[{"embeddable":true,"href":"https:\/\/247stiri.ro\/index.php\/wp-json\/wp\/v2\/media\/27034"}],"wp:attachment":[{"href":"https:\/\/247stiri.ro\/index.php\/wp-json\/wp\/v2\/media?parent=27037"}],"wp:term":[{"taxonomy":"category","embeddable":true,"href":"https:\/\/247stiri.ro\/index.php\/wp-json\/wp\/v2\/categories?post=27037"},{"taxonomy":"post_tag","embeddable":true,"href":"https:\/\/247stiri.ro\/index.php\/wp-json\/wp\/v2\/tags?post=27037"}],"curies":[{"name":"wp","href":"https:\/\/api.w.org\/{rel}","templated":true}]}}