{"id":27038,"date":"2025-01-27T19:45:48","date_gmt":"2025-01-27T19:45:48","guid":{"rendered":"https:\/\/247stiri.ro\/index.php\/2025\/01\/27\/un-milionar-olandez-pune-la-bataie-o-recompensa-considerabila-pentru-prinderea-hotilor-tezaurului-dacic\/"},"modified":"2025-01-27T19:45:48","modified_gmt":"2025-01-27T19:45:48","slug":"un-milionar-olandez-pune-la-bataie-o-recompensa-considerabila-pentru-prinderea-hotilor-tezaurului-dacic","status":"publish","type":"post","link":"https:\/\/247stiri.ro\/index.php\/2025\/01\/27\/un-milionar-olandez-pune-la-bataie-o-recompensa-considerabila-pentru-prinderea-hotilor-tezaurului-dacic\/","title":{"rendered":"Un milionar olandez pune la b\u0103taie o recompens\u0103 considerabil\u0103 pentru prinderea ho\u021bilor tezaurului dacic"},"content":{"rendered":"<p>Alex van Breemen, un antreprenor olandez stabilit \u00een Rom\u00e2nia, a anun\u021bat o recompens\u0103 de 100.000 de euro pentru informa\u021bii care ar putea ajuta la prinderea ho\u021bilor \u0219i recuperarea comorilor furate s\u00e2mb\u0103t\u0103 diminea\u021b\u0103 de la Muzeul Drents din Assen, Olanda. Magnatul imobiliar, fondator al companiei Cascade Group, a descris furtul ca fiind o tragedie cultural\u0103 \u0219i \u0219i-a exprimat speran\u021ba de a contribui la recuperarea acestor piese valoroase.<\/p>\n<p>\u201eImpactul jafului este enorm aici, \u00een Rom\u00e2nia. Coiful \u0219i br\u0103\u021b\u0103rile aurii sunt extrem de importante ca mo\u0219tenire cultural\u0103. Jaful m\u0103 \u00eenfurie, iar dac\u0103 pot contribui la recuperarea acestor comori, o voi face cu pl\u0103cere\u201d, a declarat van Breemen pentru publica\u021bia <a href=\"https:\/\/www.telegraaf.nl\/nieuws\/1235322676\/nederlandse-ondernemer-stelt-100-000-euro-beschikbaar-voor-gouden-tip-over-gestolen-kunstschatten-drents-museum\" target=\"_blank\">De Telegraaf<\/a>. Poli\u021bia \u0219i Parchetul olandez \u00eel pot contacta pentru detalii despre recompens\u0103.<\/p>\n<p><a title=\"Dialog cu scantei intre ministrii de Externe roman si olandez dupa furtul coifului dacic. Oficialul MAE a insistat asupra unui aspect important\" href=\"https:\/\/www.realitatea.net\/stiri\/actual\/dialog-cu-scantei-intre-ministrii-de-externe-roman-si-olandez-dupa-furtul-coifului-dacic-oficialul-mae-a-insistat-asupra-unui-aspect-important_6797b6894a703e3654024492\">Dialog cu sc\u00e2ntei \u00eentre mini\u0219trii de Externe rom\u00e2n \u0219i olandez dup\u0103 furtul coifului dacic. Oficialul MAE a insistat asupra unui aspect important<\/a><\/p>\n<p>Recompensa oferit\u0103 de antreprenor nu este o noutate \u00een astfel de situa\u021bii. \u00cen trecut, au fost promise sume considerabile pentru informa\u021bii legate de furturi semnificative de art\u0103 sau bijuterii. De exemplu, dup\u0103 furtul de bijuterii de la t\u00e2rgul de art\u0103 Tefaf din Maastricht \u00een 2022, agen\u021bia britanic\u0103 de evaluare a pagubelor Charles Taylor Adjusting a anun\u021bat o recompens\u0103 de 500.000 de euro pentru indicii care ar putea conduce la recuperarea obiectelor, evaluate la 40 de milioane de euro.<\/p>\n<p>Arthur Brand, un detectiv de art\u0103 renumit, afirm\u0103 c\u0103 astfel de recompense pot avea un impact pozitiv.\u00a0\u201eExist\u0103 mereu persoane din apropierea celor implica\u021bi direct care sunt dispuse s\u0103 vorbeasc\u0103 pentru o sum\u0103 semnificativ\u0103 de bani. Dac\u0103 nu ajut\u0103, cu siguran\u021b\u0103 nu d\u0103uneaz\u0103. Orice sfat este extrem de important acum\u201d, a explicat Brand.<\/p>\n<p>Alex van Breemen, originar din Bussum, Olanda, n\u0103scut \u00een 1963, a ajuns \u00een Balcani \u00een 1993, unde a lucrat pentru o companie multina\u021bional\u0103 \u00een Rom\u00e2nia, Bulgaria, Serbia \u0219i Moldova. \u00cen 1999, a \u00eenfiin\u021bat compania imobiliar\u0103 Cascade, specializat\u0103 \u00een cl\u0103diri comerciale \u0219i guvernamentale.<\/p>\n<p><a title=\"Descoperire in cazul artefactelor dacice furate. Politistii olandezi au gasit barosul folosit de hoti pentru a intra in muzeu\" href=\"https:\/\/www.realitatea.net\/stiri\/actual\/descoperire-in-cazul-artefactelor-dacice-furate-politistii-olandezi-au-gasit-barosul-folosit-de-hoti-pentru-a-intra-in-muzeu_6797cac90a4d4a1dff1447f2\">Descoperire \u00een cazul artefactelor dacice furate. Poli\u021bi\u0219tii olandezi au g\u0103sit barosul folosit de ho\u021bi pentru a intra \u00een muzeu<\/a><\/p>","protected":false},"excerpt":{"rendered":"<p>Alex van Breemen, un antreprenor olandez stabilit \u00een Rom\u00e2nia, a anun\u021bat o recompens\u0103 de 100.000&hellip;<\/p>\n","protected":false},"author":0,"featured_media":27039,"comment_status":"open","ping_status":"open","sticky":false,"template":"","format":"standard","meta":{"footnotes":""},"categories":[2],"tags":[],"class_list":["post-27038","post","type-post","status-publish","format-standard","has-post-thumbnail","hentry","category-actual"],"_links":{"self":[{"href":"https:\/\/247stiri.ro\/index.php\/wp-json\/wp\/v2\/posts\/27038","targetHints":{"allow":["GET"]}}],"collection":[{"href":"https:\/\/247stiri.ro\/index.php\/wp-json\/wp\/v2\/posts"}],"about":[{"href":"https:\/\/247stiri.ro\/index.php\/wp-json\/wp\/v2\/types\/post"}],"replies":[{"embeddable":true,"href":"https:\/\/247stiri.ro\/index.php\/wp-json\/wp\/v2\/comments?post=27038"}],"version-history":[{"count":0,"href":"https:\/\/247stiri.ro\/index.php\/wp-json\/wp\/v2\/posts\/27038\/revisions"}],"wp:featuredmedia":[{"embeddable":true,"href":"https:\/\/247stiri.ro\/index.php\/wp-json\/wp\/v2\/media\/27039"}],"wp:attachment":[{"href":"https:\/\/247stiri.ro\/index.php\/wp-json\/wp\/v2\/media?parent=27038"}],"wp:term":[{"taxonomy":"category","embeddable":true,"href":"https:\/\/247stiri.ro\/index.php\/wp-json\/wp\/v2\/categories?post=27038"},{"taxonomy":"post_tag","embeddable":true,"href":"https:\/\/247stiri.ro\/index.php\/wp-json\/wp\/v2\/tags?post=27038"}],"curies":[{"name":"wp","href":"https:\/\/api.w.org\/{rel}","templated":true}]}}