{"id":27051,"date":"2025-01-27T20:44:48","date_gmt":"2025-01-27T20:44:48","guid":{"rendered":"https:\/\/247stiri.ro\/index.php\/2025\/01\/27\/cum-s-au-sucit-iohannis-si-camarila-pe-vremuri-recomandarile-comisiei-de-le-venetia-trebuiau-respectate-acum-sunt-consultative\/"},"modified":"2025-01-27T20:44:48","modified_gmt":"2025-01-27T20:44:48","slug":"cum-s-au-sucit-iohannis-si-camarila-pe-vremuri-recomandarile-comisiei-de-le-venetia-trebuiau-respectate-acum-sunt-consultative","status":"publish","type":"post","link":"https:\/\/247stiri.ro\/index.php\/2025\/01\/27\/cum-s-au-sucit-iohannis-si-camarila-pe-vremuri-recomandarile-comisiei-de-le-venetia-trebuiau-respectate-acum-sunt-consultative\/","title":{"rendered":"Cum s-au sucit Iohannis \u0219i camarila. Pe vremuri, recomand\u0103rile Comisiei de le Vene\u021bia &#8222;trebuiau respectate&#8221;, acum sunt consultative"},"content":{"rendered":"<p>\u00cen trecut, Klaus Iohannis a sesizat chiar el Comisia de la Vene\u021bia, iar recomand\u0103rile primite le-a prezentat ca pe un instrument de a influen\u021ba decizii ce urmau a fi luate de Guvern \u0219i Parlament.<\/p>\n\n<p>La finalul anului 2022, guvernul \u0219i parlamentul au trecut \u00een procedur\u0103 de urgen\u021b\u0103 modific\u0103rile la legile Justi\u021biei, f\u0103r\u0103 s\u0103 a\u0219tepte avizul comisiei de la Vene\u021bia. Decizia de a nu a\u0219tepta expertiza f\u0103cut\u0103 de forumul european a fost luat\u0103 pentru c\u0103 existau deja mai multe recomand\u0103ri \u00een acest sens. C\u0103t\u0103lin Predoiu, ministrul Justi\u021biei la aceea dat\u0103, sus\u021binea c\u0103 Rom\u00e2nia este monitorizat\u0103 de Comisia European\u0103 \u0219i nu are nevoie de un aviz.<\/p>\n\n<p>Comisia de la Vene\u021bia a criticat adoptarea legilor justi\u021biei \u00een regim de urgen\u021b\u0103 f\u0103r\u0103 s\u0103 se cear\u0103 un aviz din partea speciali\u0219tilor. \u00cen noiembrie 2022, reprezentan\u021bii forului european au transmis c\u0103 &#8222;regret\u0103 faptul c\u0103 autorit\u0103\u021bile rom\u00e2ne nu au solicitat un aviz al Comisiei de la Vene\u021bia cu privire la cele trei proiecte de Lege privind sistemul de justi\u021bie din Rom\u00e2nia: proiectul de Legea privind Consiliul Superior al Magistraturii, Legea privind organizarea judiciar\u0103 \u0219i Legea privind statutul judec\u0103torilor \u0219i procurorilor, a\u0219a cum fusese anun\u021bat de autorit\u0103\u021bi, \u0219i c\u0103 au l\u0103sat la latitudinea Adun\u0103rii Parlamentare a Consiliului Europei s\u0103 fac\u0103 aceast\u0103 solicitare, dar au apoi au solicitat ca acest aviz s\u0103 fie adoptat \u00een procedur\u0103 de urgen\u021b\u0103. Av\u00e2nd \u00een vedere c\u0103 este un aviz urgent, Comisia de la Vene\u021bia nu poate exclude c\u0103 \u00een aceste trei legi exist\u0103 \u0219i alte aspecte care pot fi problematice, dar se pare c\u0103, \u00een ansamblu, legile par s\u0103 se \u00eendrepte \u00een direc\u021bia corect\u0103.&#8221;<\/p>\n<p>Dup\u0103 anun\u021bul Comisiei de la Vene\u021bia, Bogdan Aurescu, ministru al afacerilor externe la acea dat\u0103, salut\u0103 avizul de urgen\u021b\u0103 al Comisiei de la Vene\u021bia \u0219i transmite c\u0103 Rom\u00e2nia este preg\u0103tit\u0103 \u0219i deschis\u0103 s\u0103 continue dialogul eficient.<\/p>\n<p>I welcome the adoption today by @VeniceComm of the Urgent Opinion on the 3 RO\ud83c\uddf9\ud83c\udde9 laws concerning the justice system &amp; the positive assessment of the majority of the issues examined in the Opinion. RO is ready and open to continue the effective dialogue with the Venice Commission.<\/p>\n<p>\u2014 Bogdan Aurescu (@BogdanAurescu) <a href=\"https:\/\/twitter.com\/BogdanAurescu\/status\/1593682620642123780?ref_src=twsrc%5Etfw\">November 18, 2022<\/a><\/p>\n<p>\u00a0<\/p>\n<p>De asemenea, ministerul Justi\u021biei a transmis printr-un comunicat de pres\u0103 c\u0103 raportul Comisiei de la Vene\u021bia \u201eapreciaz\u0103 la modul general faptul c\u0103 legile Justi\u021biei sunt orientate \u201e\u00een direc\u021bia corect\u0103\u201d, de\u0219i au fost adoptate \u00een procedur\u0103 de urgen\u021b\u0103, confirm\u00e2nd astfel, implicit, faptul c\u0103, \u00een adoptarea acestora, s-a \u021binut cont de avizele anterioare ale Comisiei\u201d.\u00a0<\/p>","protected":false},"excerpt":{"rendered":"<p>\u00cen trecut, Klaus Iohannis a sesizat chiar el Comisia de la Vene\u021bia, iar recomand\u0103rile primite&hellip;<\/p>\n","protected":false},"author":0,"featured_media":27047,"comment_status":"open","ping_status":"open","sticky":false,"template":"","format":"standard","meta":{"footnotes":""},"categories":[2],"tags":[],"class_list":["post-27051","post","type-post","status-publish","format-standard","has-post-thumbnail","hentry","category-actual"],"_links":{"self":[{"href":"https:\/\/247stiri.ro\/index.php\/wp-json\/wp\/v2\/posts\/27051","targetHints":{"allow":["GET"]}}],"collection":[{"href":"https:\/\/247stiri.ro\/index.php\/wp-json\/wp\/v2\/posts"}],"about":[{"href":"https:\/\/247stiri.ro\/index.php\/wp-json\/wp\/v2\/types\/post"}],"replies":[{"embeddable":true,"href":"https:\/\/247stiri.ro\/index.php\/wp-json\/wp\/v2\/comments?post=27051"}],"version-history":[{"count":0,"href":"https:\/\/247stiri.ro\/index.php\/wp-json\/wp\/v2\/posts\/27051\/revisions"}],"wp:featuredmedia":[{"embeddable":true,"href":"https:\/\/247stiri.ro\/index.php\/wp-json\/wp\/v2\/media\/27047"}],"wp:attachment":[{"href":"https:\/\/247stiri.ro\/index.php\/wp-json\/wp\/v2\/media?parent=27051"}],"wp:term":[{"taxonomy":"category","embeddable":true,"href":"https:\/\/247stiri.ro\/index.php\/wp-json\/wp\/v2\/categories?post=27051"},{"taxonomy":"post_tag","embeddable":true,"href":"https:\/\/247stiri.ro\/index.php\/wp-json\/wp\/v2\/tags?post=27051"}],"curies":[{"name":"wp","href":"https:\/\/api.w.org\/{rel}","templated":true}]}}