{"id":27064,"date":"2025-01-27T21:47:56","date_gmt":"2025-01-27T21:47:56","guid":{"rendered":"https:\/\/247stiri.ro\/index.php\/2025\/01\/27\/submarinele-anti-aeriene-cum-vor-schimba-nemtii-regulile-jocului-si-vor-vana-avioane-si-elicoptere-de-sub-apa\/"},"modified":"2025-01-27T21:47:56","modified_gmt":"2025-01-27T21:47:56","slug":"submarinele-anti-aeriene-cum-vor-schimba-nemtii-regulile-jocului-si-vor-vana-avioane-si-elicoptere-de-sub-apa","status":"publish","type":"post","link":"https:\/\/247stiri.ro\/index.php\/2025\/01\/27\/submarinele-anti-aeriene-cum-vor-schimba-nemtii-regulile-jocului-si-vor-vana-avioane-si-elicoptere-de-sub-apa\/","title":{"rendered":"Submarinele Anti-Aeriene: Cum vor schimba nem\u021bii regulile jocului \u0219i vor v\u00e2na avioane \u0219i elicoptere de sub ap\u0103"},"content":{"rendered":"<p>\u00cen acest context, Bundestagul a dat aprobarea, \u00een luna decembrie a anului trecut, pentru dezvoltarea rachetei IDAS (\u201eInteractive Defence and Attack System for Submarines\u201d). Aceast\u0103 rachet\u0103 va fi integrat\u0103 pe submarine.<\/p>\n<p>Pe 23 ianuarie, ThyssenKrupp Marine Systems (TKMS) a anun\u021bat c\u0103 Oficiul Federal pentru Echipamente, Tehnologii Informatice \u0219i Suport Logistic al Bundeswehr (BAAINBw) i-a atribuit un contract pentru \u201edezvoltarea \u0219i calificarea unui sistem de rachete ghidate destinat ap\u0103r\u0103rii anti-aeriene a submarinelor\u201d. Valoarea acestui contract nu a fost f\u0103cut\u0103 public\u0103.<\/p>\n<p>Exper\u021bii de la Opex 360, care au analizat situa\u021bia, noteaz\u0103 c\u0103 \u00een anii 2010, compania francez\u0103 Naval Group (cunoscut\u0103 atunci sub denumirea DCNS) a dezvoltat, de asemenea, un sistem de ap\u0103rare anti-aerian\u0103 numit A3SM (\u201eAuto-d\u00e9fense Anti-A\u00e9rienne pour Sous-Marin\u201d), care se baza pe un lansator triplu pentru rachetele MICA sau MISTRAL.<\/p>\n<p>\u00cen ceea ce prive\u0219te implicarea Germaniei, programul include, pe l\u00e2ng\u0103 TKMS, \u0219i Diehl Defense, iar racheta IDAS va fi dezvoltat\u0103 pe baza rachetei aer-aer IRIS-T. Aceasta va fi lansat\u0103 dintr-un submarin aflat \u00een submersie, utiliz\u00e2nd unul dintre tuburile sale pentru lansarea torpilelor. Racheta, dotat\u0103 cu un sistem de autodirijare pe baz\u0103 de infraro\u0219u, va fi ghidat\u0103 c\u0103tre \u021bint\u0103 de un operator printr-o conexiune de date cu fibr\u0103 optic\u0103.<\/p>\n<p>Reprezentan\u021bii TKMS subliniaz\u0103 c\u0103 motorul rachetei se va activa dup\u0103 ce aceasta a fost lansat\u0103 din tub, asigur\u00e2ndu-se astfel o distan\u021b\u0103 sigur\u0103 fa\u021b\u0103 de submarin.<\/p>\n<p>Nem\u021bii afirm\u0103 c\u0103 aceast\u0103 tehnologie va transforma complet concep\u021biile noastre despre protec\u021bia submarinelor \u0219i a echipajelor acestora.<\/p>\n<p>Noile submarine vor avea o lungime de aproximativ 72 de metri &#8211; pu\u021bin mai lungi dec\u00e2t ambarca\u021biunile germane existente din clasa 212 A &#8211; \u0219i vor fi operate de un echipaj format din 30 de marinari, scrie <a href=\"https:\/\/www.defenseromania.ro\/\" target=\"_blank\">Defense Romania<\/a>.<\/p>\n<p>\u201eCombina\u021bia dintre o raz\u0103 de ac\u021biune sporit\u0103, un design special conceput pentru a fi c\u00e2t mai greu detectabil \u0219i, nu \u00een ultimul r\u00e2nd, cooperarea cu partenerul nostru norvegian va oferi for\u021belor noastre armate noi oportunit\u0103\u021bi de utilizare \u00een ap\u0103rarea na\u021bional\u0103 \u0219i a alian\u021bei\u201d, a explicat recent un expert german de la biroul de achizi\u021bii.\u00a0<\/p>\n<p><a title=\"SUA au decis cum se vor numi cele mai noi si performante portavioane din clasa Ford: Clinton si Bush. Cand va incepe constructia lor   \" href=\"https:\/\/www.realitatea.net\/stiri\/actual\/sua-au-decis-cum-se-vor-numi-cele-mai-noi-si-performante-portavioane-din-clasa-ford-clinton-si-bush-cand-va-incepe-constructia-lor_67867517bcfb152f2c3bd998\">SUA au decis cum se vor numi cele mai noi \u0219i performante portavioane din clasa Ford: Clinton \u0219i Bush. C\u00e2nd va \u00eencepe construc\u021bia lor<\/a><\/p>\n<p>Germania a decis s\u0103 investeasc\u0103 sume semnificative \u00een for\u021bele sale armate ca reac\u021bie la invazia rus\u0103 din Ucraina. Totu\u0219i, pentru a finan\u021ba submarinele, este necesar\u0103 o cerere special\u0103 de cheltuieli, av\u00e2nd \u00een vedere c\u0103 acestea nu sunt incluse \u00een planul bugetar al Germaniei pentru 2024 \u0219i nici pentru anii urm\u0103tori.<\/p>\n<p>Ministerul Ap\u0103r\u0103rii a afirmat c\u0103 discu\u021biile \u00een curs \u00een parlament referitoare la fondurile pentru achizi\u021bii suplimentare \u00een domeniul ap\u0103r\u0103rii au fost \u201econstructive \u0219i pozitive\u201d, dar nu a oferit detalii despre proiectele specifice.<\/p>\n<p>\u00cen total, comisia de buget a primit 29 de \u201epropuneri de 25 de milioane de euro\u201d (programe de \u00eenzestrare cu o valoare ce dep\u0103\u0219e\u0219te 25 de milioane de euro) pentru diverse proiecte de ap\u0103rare \u0219i echipamente care urmeaz\u0103 s\u0103 fie aprobate \u00een acest an, conform declara\u021biilor membrilor comisiei de buget citate de Reuters la sf\u00e2r\u0219itul anului trecut.<\/p>\n<p>Orice achizi\u021bie militar\u0103 ce dep\u0103\u0219e\u0219te suma de 25 de milioane de euro necesit\u0103 aprobarea comisiei de buget a parlamentului.<\/p>\n<p><a title=\"Scandal in tara-sefa a UE: Germania ar vrea sa trimita trupe de pace in Ucraina in timp ce partidul extremist vrea sa ii deporteze pe ucraineni\" href=\"https:\/\/www.realitatea.net\/stiri\/actual\/scandal-in-tarasefa-a-ue-germania-ar-vrea-sa-trimita-trupe-de-pace-in-ucraina-in-timp-ce-partidul-extremist-vrea-sa-ii-deporteze-pe-ucraineni_678cb1d7cc764721335e2139\">Scandal \u00een \u021bara-\u0219ef\u0103 a UE: Germania ar vrea s\u0103 trimit\u0103 trupe de pace \u00een Ucraina \u00een timp ce partidul extremist vrea s\u0103 \u00eei deporteze pe ucraineni<\/a><\/p>","protected":false},"excerpt":{"rendered":"<p>\u00cen acest context, Bundestagul a dat aprobarea, \u00een luna decembrie a anului trecut, pentru dezvoltarea&hellip;<\/p>\n","protected":false},"author":0,"featured_media":27041,"comment_status":"open","ping_status":"open","sticky":false,"template":"","format":"standard","meta":{"footnotes":""},"categories":[2],"tags":[],"class_list":["post-27064","post","type-post","status-publish","format-standard","has-post-thumbnail","hentry","category-actual"],"_links":{"self":[{"href":"https:\/\/247stiri.ro\/index.php\/wp-json\/wp\/v2\/posts\/27064","targetHints":{"allow":["GET"]}}],"collection":[{"href":"https:\/\/247stiri.ro\/index.php\/wp-json\/wp\/v2\/posts"}],"about":[{"href":"https:\/\/247stiri.ro\/index.php\/wp-json\/wp\/v2\/types\/post"}],"replies":[{"embeddable":true,"href":"https:\/\/247stiri.ro\/index.php\/wp-json\/wp\/v2\/comments?post=27064"}],"version-history":[{"count":0,"href":"https:\/\/247stiri.ro\/index.php\/wp-json\/wp\/v2\/posts\/27064\/revisions"}],"wp:featuredmedia":[{"embeddable":true,"href":"https:\/\/247stiri.ro\/index.php\/wp-json\/wp\/v2\/media\/27041"}],"wp:attachment":[{"href":"https:\/\/247stiri.ro\/index.php\/wp-json\/wp\/v2\/media?parent=27064"}],"wp:term":[{"taxonomy":"category","embeddable":true,"href":"https:\/\/247stiri.ro\/index.php\/wp-json\/wp\/v2\/categories?post=27064"},{"taxonomy":"post_tag","embeddable":true,"href":"https:\/\/247stiri.ro\/index.php\/wp-json\/wp\/v2\/tags?post=27064"}],"curies":[{"name":"wp","href":"https:\/\/api.w.org\/{rel}","templated":true}]}}