{"id":27080,"date":"2025-01-28T05:44:51","date_gmt":"2025-01-28T05:44:51","guid":{"rendered":"https:\/\/247stiri.ro\/index.php\/2025\/01\/28\/sedinta-cruciala-de-guvern-calendarul-pentru-alegerea-presedintelui-pe-agenda-modificari-importante\/"},"modified":"2025-01-28T05:44:51","modified_gmt":"2025-01-28T05:44:51","slug":"sedinta-cruciala-de-guvern-calendarul-pentru-alegerea-presedintelui-pe-agenda-modificari-importante","status":"publish","type":"post","link":"https:\/\/247stiri.ro\/index.php\/2025\/01\/28\/sedinta-cruciala-de-guvern-calendarul-pentru-alegerea-presedintelui-pe-agenda-modificari-importante\/","title":{"rendered":"\u0218edin\u021b\u0103 crucial\u0103 de guvern: calendarul pentru alegerea pre\u0219edintelui, pe agend\u0103. Modific\u0103ri importante\u00a0"},"content":{"rendered":"<p>\u00cen anexa la proiectul de act normativ se precizeaz\u0103 c\u0103 cel mai t\u00e2rziu \u00een data de 19 martie 2025 se va proceda la solu\u021bionarea contesta\u021biilor privind \u00eenregistrarea sau respingerea \u00eenregistr\u0103rii candidaturilor sau a semnelor electorale, dup\u0103 caz.<\/p>\n<p>4 aprilie 2025 este data prev\u0103zut\u0103 pentru \u00eenceperea campaniei electorale pentru o perioad\u0103 de 30 de zile. Campania electoral\u0103 se \u00eencheie \u00een data de 3 mai 2025 la ora 7.00, \u00een preziua alegerilor.<\/p>\n<p>Prima zi a vot\u0103rii \u00een str\u0103in\u0103tate, programat\u0103 s\u0103 se desf\u0103\u0219oare pe parcursul a 3 zile, va \u00eencepe \u00een data de 2 mai 2025, ora 7.00 \u0219i se va \u00eencheia la ora 21.00 \u0219i se va \u00eencheia \u00een data de 4 mai, ora 21:00 (ora local\u0103 sau ora local\u0103 a Rom\u00e2niei, dup\u0103 caz).<\/p>\n<p>Votul \u00een \u021bar\u0103 va \u00eencepe \u00een data de 4 mai 2025, ora 7.00, \u0219i se va \u00eencheia \u00een aceea\u0219i zi la ora 21.00, put\u00e2nd fiind prelungit p\u00e2n\u0103 cel mai t\u00e2rziu la ora 23:59 \u00een cazul \u00een care la ora 21.00 la sediul sec\u021biei de votare \u0219i \u00een afara sec\u021biei de votare se mai afl\u0103 aleg\u0103tori care a\u0219teapt\u0103 s\u0103 voteze.<\/p>\n<p>\u00cen \u0219edin\u021ba de Guvern va fi aprobat \u0219i un proiect de ordonan\u021b\u0103 pentru completarea OUG nr. 195\/2002 privind circula\u021bia pe drumurile publice.<\/p>\n<p>Prin proiect se propune, \u00eentre altele, &#8216;crearea premiselor legale \u00een vederea acord\u0103rii dreptului de a conduce autovehicule pe drumurile publice din Rom\u00e2nia f\u0103r\u0103 condi\u021bionarea de\u021binerii unui permis de conducere interna\u021bional, \u00een condi\u021bii de reciprocitate \u0219i pentru o perioad\u0103 determinat\u0103, persoanelor care sunt titulare ale unui permis de conducere na\u021bional eliberat de autorit\u0103\u021bile unui stat care nu este membru al Conven\u021biei asupra circula\u021biei rutiere \u0219i nici membru al Uniunii Europene ori cu care Rom\u00e2nia nu a \u00eencheiat un tratat privind recunoa\u0219terea reciproc\u0103 a permiselor de conducere auto&#8217;.<\/p>\n<p>Astfel, proiectul de act normativ reglementeaz\u0103, \u00een mod clar \u0219i coerent, faptul c\u0103 prin hot\u0103r\u00e2re a Guvernului vor fi stabilite at\u00e2t perioadele de conducere, c\u00e2t \u0219i statele autorit\u0103\u021bilor emitente ale permiselor de conducere, dintre urm\u0103toarele: cele cu care Rom\u00e2nia are parteneriate strategice sau cele care sunt membre ale Organiza\u021biei Tratatului Atlanticului de Nord sau cele care sunt membre ale Organiza\u021biei pentru Cooperare \u0219i Dezvoltare; acordarea, pe perioada acredit\u0103rii \u00een Rom\u00e2nia, a dreptului de a conduce autovehicule pe drumurile publice pentru membrii misiunilor diplomatice,oficiilor consulare \u0219i reprezentan\u021belor organiza\u021biilor interna\u021bionale acreditate \u00een Rom\u00e2nia.<\/p>\n<p>Executivul va aproba \u0219i un proiect de hot\u0103r\u00e2re pentru aprobarea calendarului ac\u021biunilor din cuprinsul perioadei electorale a alegerilor locale par\u021biale din data de 4 mai 2025.<\/p>\n<p>Va fi aprobat \u0219i un proiect de hot\u0103r\u00e2re privind instituirea Programului na\u021bional &#8216;Mas\u0103 s\u0103n\u0103toas\u0103&#8217; \u00een anul 2025.<\/p>\n<p>&#8216;Programul na\u021bional &#8216;Mas\u0103 s\u0103n\u0103toas\u0103&#8217; &#8211; PNMS const\u0103 \u00een acordarea zilnic\u0103, cu titlu gratuit, a unui suport alimentar const\u00e2nd \u00eentr-o mas\u0103 cald\u0103 sau, dup\u0103 caz, \u00eentr-un pachet alimentar, \u00een cazul \u00een care masa cald\u0103 nu poate fi asigurat\u0103, \u00een limita unei valori zilnice de 15 lei\/beneficiar, inclusiv taxa pe valoarea ad\u0103ugat\u0103 &#8216;, se arat\u0103 \u00een nota de fundamentare a proiectului.<\/p>\n<p>Guvernul va aproba, prin memorandum, prognozele pentru anul 2025 cu privire la contribu\u021bia UE aferent\u0103 perioadei de programare financiar\u0103 2014-2020.\u00a0<\/p>\n<p>\u00a0<\/p>","protected":false},"excerpt":{"rendered":"<p>\u00cen anexa la proiectul de act normativ se precizeaz\u0103 c\u0103 cel mai t\u00e2rziu \u00een data&hellip;<\/p>\n","protected":false},"author":0,"featured_media":27081,"comment_status":"open","ping_status":"open","sticky":false,"template":"","format":"standard","meta":{"footnotes":""},"categories":[3],"tags":[],"class_list":["post-27080","post","type-post","status-publish","format-standard","has-post-thumbnail","hentry","category-politica"],"_links":{"self":[{"href":"https:\/\/247stiri.ro\/index.php\/wp-json\/wp\/v2\/posts\/27080","targetHints":{"allow":["GET"]}}],"collection":[{"href":"https:\/\/247stiri.ro\/index.php\/wp-json\/wp\/v2\/posts"}],"about":[{"href":"https:\/\/247stiri.ro\/index.php\/wp-json\/wp\/v2\/types\/post"}],"replies":[{"embeddable":true,"href":"https:\/\/247stiri.ro\/index.php\/wp-json\/wp\/v2\/comments?post=27080"}],"version-history":[{"count":0,"href":"https:\/\/247stiri.ro\/index.php\/wp-json\/wp\/v2\/posts\/27080\/revisions"}],"wp:featuredmedia":[{"embeddable":true,"href":"https:\/\/247stiri.ro\/index.php\/wp-json\/wp\/v2\/media\/27081"}],"wp:attachment":[{"href":"https:\/\/247stiri.ro\/index.php\/wp-json\/wp\/v2\/media?parent=27080"}],"wp:term":[{"taxonomy":"category","embeddable":true,"href":"https:\/\/247stiri.ro\/index.php\/wp-json\/wp\/v2\/categories?post=27080"},{"taxonomy":"post_tag","embeddable":true,"href":"https:\/\/247stiri.ro\/index.php\/wp-json\/wp\/v2\/tags?post=27080"}],"curies":[{"name":"wp","href":"https:\/\/api.w.org\/{rel}","templated":true}]}}