{"id":27083,"date":"2025-01-28T05:44:52","date_gmt":"2025-01-28T05:44:52","guid":{"rendered":"https:\/\/247stiri.ro\/index.php\/2025\/01\/28\/crin-antonescu-a-avut-blocat-postul-de-profesor-titular-de-istorie-timp-de-24-de-ani-la-unul-dintre-cele-mai-bune-licee-din-tulcea\/"},"modified":"2025-01-28T05:44:52","modified_gmt":"2025-01-28T05:44:52","slug":"crin-antonescu-a-avut-blocat-postul-de-profesor-titular-de-istorie-timp-de-24-de-ani-la-unul-dintre-cele-mai-bune-licee-din-tulcea","status":"publish","type":"post","link":"https:\/\/247stiri.ro\/index.php\/2025\/01\/28\/crin-antonescu-a-avut-blocat-postul-de-profesor-titular-de-istorie-timp-de-24-de-ani-la-unul-dintre-cele-mai-bune-licee-din-tulcea\/","title":{"rendered":"Crin Antonescu a avut blocat postul de profesor titular de istorie timp de 24 de ani, la unul dintre cele mai bune licee din Tulcea\u00a0"},"content":{"rendered":"<p>Crin Antonescu a declarat c\u0103 nu a fost decizia lui \u0219i c\u0103 postul i-a fost rezervat conform legii.<\/p>\n<p>\u201eEu eram titular la Colegiul National \u00abSpiru Haret\u00bb din Tulcea in 1992, cand am devenit parlamentar pentru prima oara. Din 1992 pana in 2016, perioada in care am fost parlamentar, presupun ca postul a fost pastrat prin efectul legii. Nu am solicitat niciodata rezervarea postului sau ceva asemanator, presupun, repet, ca s-a aplicat legislatia in vigoare.\u00a0<\/p>\n<p>Cred ca explicatii complete puteti obtine de la Inspectoratul Scolar Judetean Tulcea. Nu conisder ca lipsa unui titular pe post i-a dezavantajat pe elevi, atata vreme cat cred ca pe acel post au functionat profesori CALIFICATI.\u00a0<\/p>\n<p>Oricum, aceasta nu a fost in responsabitatea mea, rezervarea postului este impusa de lege, nu de titularul respectiv sau de Inspectorat\u201d, a transmis Crin Antonescu.<\/p>\n<p>Doar c\u0103, \u00een acela\u0219i timp, Ministerul Educa\u021biei a explicat faptul c\u0103 Antonescu a decis s\u0103 renun\u021be la postul de profesor \u00een 2017, deci decizia renun\u021b\u0103rii la post i-a apar\u021binut.\u00a0<\/p>\n<p>Ministerul mai spune c\u0103 au existat 3 trei legi, \u00een aceast\u0103 perioad\u0103, care au prev\u0103zut blocarea posturilor de titulari \u00een \u00eenv\u0103\u021b\u0103m\u00e2nt pentru demnitari.<\/p>\n<p>\u201eDomnul Antonescu George Crin Lauren\u021biu nu mai este cadru didactic titular pe catedra de istorie de la Colegiul Na\u021bional Pedagogic \u00abSpiru Haret\u00bb Tulcea, \u00eencep\u00e2nd cu luna ianuarie 2017, c\u00e2nd a informat conducerea unit\u0103\u021bii de \u00eenv\u0103\u021b\u0103m\u00e2nt, \u00een scris, c\u0103 renun\u021b\u0103 la postul de profesor titular\u201d, a transmis ministerul pentru <a href=\"https:\/\/www.edupedu.ro\/exclusiv-crin-antonescu-a-avut-blocat-postul-de-profesor-titular-de-istorie-timp-de-24-de-ani-la-unul-dintre-cele-mai-bune-licee-din-tulcea-klaus-iohannis-si-a-blocat-postul-17-ani-la-sibiu\/\" target=\"_blank\">Edupedu.ro<\/a>.<\/p>\n<p>&#8222;Prevederile legale \u00een baza c\u0103rora domnul Antonescu George Crin Lauren\u021biu a beneficiat de rezervarea catedrei \u00een perioada octombrie 1992 \u2013 decembrie 2016 au fost urm\u0103toarele:<\/p>\n<p>\u2013 Legea nr.4\/1990 privind remunerarea \u015fi alte drepturi ale Pre\u0219edintelui Rom\u00e2niei, senatorilor \u0219i deputa\u021bilor, art. 7;<\/p>\n<p>\u2013 Legea nr. 128\/1997 privind Statutul personalului didactic, art. 101 alin. (1);<\/p>\n<p>\u2013 Legea educa\u021biei na\u021bionale nr. 1\/2011, art. 255 alin. (1)&#8221;, a explicat Ministerul Educa\u021biei.<\/p>\n<p>\u00a0<\/p>","protected":false},"excerpt":{"rendered":"<p>Crin Antonescu a declarat c\u0103 nu a fost decizia lui \u0219i c\u0103 postul i-a fost&hellip;<\/p>\n","protected":false},"author":0,"featured_media":27079,"comment_status":"open","ping_status":"open","sticky":false,"template":"","format":"standard","meta":{"footnotes":""},"categories":[2],"tags":[],"class_list":["post-27083","post","type-post","status-publish","format-standard","has-post-thumbnail","hentry","category-actual"],"_links":{"self":[{"href":"https:\/\/247stiri.ro\/index.php\/wp-json\/wp\/v2\/posts\/27083","targetHints":{"allow":["GET"]}}],"collection":[{"href":"https:\/\/247stiri.ro\/index.php\/wp-json\/wp\/v2\/posts"}],"about":[{"href":"https:\/\/247stiri.ro\/index.php\/wp-json\/wp\/v2\/types\/post"}],"replies":[{"embeddable":true,"href":"https:\/\/247stiri.ro\/index.php\/wp-json\/wp\/v2\/comments?post=27083"}],"version-history":[{"count":0,"href":"https:\/\/247stiri.ro\/index.php\/wp-json\/wp\/v2\/posts\/27083\/revisions"}],"wp:featuredmedia":[{"embeddable":true,"href":"https:\/\/247stiri.ro\/index.php\/wp-json\/wp\/v2\/media\/27079"}],"wp:attachment":[{"href":"https:\/\/247stiri.ro\/index.php\/wp-json\/wp\/v2\/media?parent=27083"}],"wp:term":[{"taxonomy":"category","embeddable":true,"href":"https:\/\/247stiri.ro\/index.php\/wp-json\/wp\/v2\/categories?post=27083"},{"taxonomy":"post_tag","embeddable":true,"href":"https:\/\/247stiri.ro\/index.php\/wp-json\/wp\/v2\/tags?post=27083"}],"curies":[{"name":"wp","href":"https:\/\/api.w.org\/{rel}","templated":true}]}}