{"id":27085,"date":"2025-01-28T05:44:52","date_gmt":"2025-01-28T05:44:52","guid":{"rendered":"https:\/\/247stiri.ro\/index.php\/2025\/01\/28\/sarbatoarea-zilei-marti-28-ianuarie-mai-multi-sfinti-sunt-pomeniti-in-calendar\/"},"modified":"2025-01-28T05:44:52","modified_gmt":"2025-01-28T05:44:52","slug":"sarbatoarea-zilei-marti-28-ianuarie-mai-multi-sfinti-sunt-pomeniti-in-calendar","status":"publish","type":"post","link":"https:\/\/247stiri.ro\/index.php\/2025\/01\/28\/sarbatoarea-zilei-marti-28-ianuarie-mai-multi-sfinti-sunt-pomeniti-in-calendar\/","title":{"rendered":"S\u0103rb\u0103toarea zilei, mar\u021bi, 28 ianuarie. Mai mul\u021bi sfin\u021bi sunt pomeni\u021bi \u00een calendar"},"content":{"rendered":"<p>OrtodoxeSf. Cuv. Efrem Sirul; Isaac Sirul, Paladie \u015fi Iacob Sihastrul; Sf. Mc. Haris<\/p>\n<p>Greco-catoliceSf. cuv. Efrem Sirul; Sf. Toma de Aquino<\/p>\n<p>Romano-catoliceSf. Toma de Aquino, pr. \u00eenv.; Fer. Olimpia, c\u0103lug. m.<\/p>\n<p>Cine a fost Sf\u00e2ntul Efrem Sirul?<\/p>\n<p>Sf\u00e2ntul Efrem Sirul a studiat cu str\u0103duin\u0163\u0103 Sf\u00e2nta Scriptur\u0103 \u015fi a fost din tinere\u0163e un \u00eendrum\u0103tor duhovnicesc ne\u00eentrecut. C\u00e2teodat\u0103 nu putea s\u0103 rosteasc\u0103 la fel de grabnic vorbele ce veneau ca un noian pentru a \u00eemplini \u015fi lumina mintea \u015fi sufletul ascult\u0103torilor s\u0103i. Iar cuvintele cu nimic altceva nu le \u00eentrerupea dec\u00e2t numai cu rug\u0103ciunea, \u015fi pe aceasta cu lacrimile.<\/p>\n<p>\u00cen privin\u0163a agonisirii averilor \u00een aceast\u0103 lume, Sf\u00e2ntul Efrem Sirul spunea despre sine:<\/p>\n<p>&#8222;Efrem n-a avut niciodat\u0103 pung\u0103, nici toiag, nici traist\u0103, nici argint, nici aur. Nici vreo avere pe p\u0103m\u00e2nt n-am c\u00e2\u015ftigat, zice el, fiindc\u0103 am ascultat pe Bunul \u00cemp\u0103rat, care \u00een Evangheliile ucenicilor S\u0103i porunce\u015fte: &#8222;Nimic pe p\u0103m\u00e2nt s\u0103 nu c\u00e2\u015ftiga\u0163i&#8221;. De aceea, nu am avut nici un lucru cu patim\u0103 de acest fel&#8221;.<\/p>\n<p>\u00cen vremea trecerii sale din aceast\u0103 lume, Sf\u00e2ntul Efrem zicea astfel: &#8222;Nicidecum \u00een toat\u0103 via\u0163a mea n-am oc\u0103r\u00e2t pe Domnul \u015fi cuv\u00e2nt nebun din buzele mele n-a ie\u015fit. \u00cen toat\u0103 via\u0163a mea n-am blestemat pe nimeni. \u015ei nicidecum nu m-am sf\u0103dit cu vreunul din cei dreptcredincio\u015fi&#8221;.<\/p>\n<p>Ast\u0103zi este pomenit \u015fi Sf\u00e2ntul Cuvios Isaac Sirul, un mare teolog mistic al Bisericii universale.<\/p>\n<p>Sf\u00e2ntul Isaac Sirul nu are o zi a sa \u00een calendarul cre\u015ftin, este s\u0103rb\u0103torit \u00eens\u0103 \u00eempreun\u0103 cu Sf\u00e2ntul Efrem Sirul \u00een ziua de 28 ianuarie.<\/p>\n<p>Contribu\u0163ia sa la literatura cre\u015ftin\u0103 se remarc\u0103 \u00een special \u00een domeniul teologiei ascetice \u015fi mistice. Scrierile sale au fost preluate \u00een colec\u0163ia &#8222;Filocalia&#8221;.\u00a0<\/p>\n<p><a href=\"https:\/\/www.realitatea.net\/stiri\/actual\/patriarhul-daniel-demonteaza-acuzatiile-la-adresa-bisericii-ortodoxe-romane-contributii-si-implicare-sociala-demonstrate-cu-date-concrete_679517b386e1b773fd722802\" target=\"_blank\">Patriarhul Daniel demonteaz\u0103 acuza\u021biile la adresa Bisericii Ortodoxe Rom\u00e2ne: contribu\u021bii \u0219i implicare social\u0103 demonstrate cu date concrete<\/a><\/p>","protected":false},"excerpt":{"rendered":"<p>OrtodoxeSf. Cuv. Efrem Sirul; Isaac Sirul, Paladie \u015fi Iacob Sihastrul; Sf. Mc. Haris Greco-catoliceSf. cuv.&hellip;<\/p>\n","protected":false},"author":0,"featured_media":27075,"comment_status":"open","ping_status":"open","sticky":false,"template":"","format":"standard","meta":{"footnotes":""},"categories":[2],"tags":[],"class_list":["post-27085","post","type-post","status-publish","format-standard","has-post-thumbnail","hentry","category-actual"],"_links":{"self":[{"href":"https:\/\/247stiri.ro\/index.php\/wp-json\/wp\/v2\/posts\/27085","targetHints":{"allow":["GET"]}}],"collection":[{"href":"https:\/\/247stiri.ro\/index.php\/wp-json\/wp\/v2\/posts"}],"about":[{"href":"https:\/\/247stiri.ro\/index.php\/wp-json\/wp\/v2\/types\/post"}],"replies":[{"embeddable":true,"href":"https:\/\/247stiri.ro\/index.php\/wp-json\/wp\/v2\/comments?post=27085"}],"version-history":[{"count":0,"href":"https:\/\/247stiri.ro\/index.php\/wp-json\/wp\/v2\/posts\/27085\/revisions"}],"wp:featuredmedia":[{"embeddable":true,"href":"https:\/\/247stiri.ro\/index.php\/wp-json\/wp\/v2\/media\/27075"}],"wp:attachment":[{"href":"https:\/\/247stiri.ro\/index.php\/wp-json\/wp\/v2\/media?parent=27085"}],"wp:term":[{"taxonomy":"category","embeddable":true,"href":"https:\/\/247stiri.ro\/index.php\/wp-json\/wp\/v2\/categories?post=27085"},{"taxonomy":"post_tag","embeddable":true,"href":"https:\/\/247stiri.ro\/index.php\/wp-json\/wp\/v2\/tags?post=27085"}],"curies":[{"name":"wp","href":"https:\/\/api.w.org\/{rel}","templated":true}]}}