{"id":27106,"date":"2025-01-28T07:44:49","date_gmt":"2025-01-28T07:44:49","guid":{"rendered":"https:\/\/247stiri.ro\/index.php\/2025\/01\/28\/vizitele-lui-iohannis-in-africa-rezultate-zero-doua-institutii-ale-statului-confirma-luxul-nejustificat-al-faraonului-de-la-cotroceni\/"},"modified":"2025-01-28T07:44:49","modified_gmt":"2025-01-28T07:44:49","slug":"vizitele-lui-iohannis-in-africa-rezultate-zero-doua-institutii-ale-statului-confirma-luxul-nejustificat-al-faraonului-de-la-cotroceni","status":"publish","type":"post","link":"https:\/\/247stiri.ro\/index.php\/2025\/01\/28\/vizitele-lui-iohannis-in-africa-rezultate-zero-doua-institutii-ale-statului-confirma-luxul-nejustificat-al-faraonului-de-la-cotroceni\/","title":{"rendered":"Vizitele lui Iohannis \u00een Africa, REZULTATE ZERO. Dou\u0103 institu\u021bii ale statului confirm\u0103 LUXUL NEJUSTIFICAT al faraonului de la Cotroceni"},"content":{"rendered":"<p>Zece zile a petrecut \u00een total pre\u0219edintele Klaus Iohannis pe continetul african anul trecut, acolo unde a vizitat mai multe state. Vorbim aici despre Kenia, Tanzania, Insulele Capului Verde, Egipt, dar \u0219i Senegal.\u00a0<\/p>\n<p>Explica la acea vreme Administra\u021bia Preziden\u021bial\u0103 c\u0103 este vorba despre o vizit\u0103 menit\u0103 s\u0103 \u00eent\u0103reasc\u0103 cooperarea economic\u0103 \u0219i politic\u0103 dintre Rom\u00e2nia \u0219i continetul african, iar Klaus Iohannis \u00een persoan\u0103 spunea c\u0103 prin aceast\u0103 vizit\u0103 ar fi &#8222;repus Rom\u00e2nia pe harta continetului african&#8221;.<\/p>\n<p>La mai bine de un an de la acele vizite, pre\u0219edintele este contrazis de institu\u021biile statului. At\u00e2t Ministerul de Externe, c\u00e2t \u0219i Agen\u021bia Rom\u00e2n\u0103 pentru Investi\u021bii \u0219i Comer\u021b Exterior spun c\u0103 p\u00e2n\u0103 \u00een momentul de fa\u021b\u0103 nu s-au schimbat prea multe \u00een ceea ce prive\u0219te rela\u021biia dintre \u021bara noastr\u0103 \u0219i Africa.\u00a0<\/p>\n<p>Mai exact, avem \u00een continuare doar 4 postrui de reprezentare pe continetul african \u0219i un deficit de ata\u0219at pe acest continet. Mai exact, avem posturi \u00een Maroc, Egipt, Africa de Sud \u0219i Alegeria &#8211; ultimele dou\u0103 fiind vacante \u00een momentul de fa\u021b\u0103.\u00a0<\/p>\n<p>Singura \u021bar\u0103 &#8211; spun autorit\u0103\u021bile &#8211; \u00een care s-au \u00eenteprins demersuri pentru \u00eent\u0103rirea cooper\u0103rii economice, dintre toate cele vizitate de pre\u0219edintele Iohannis a fost Egiptul.\u00a0\u00a0<\/p>","protected":false},"excerpt":{"rendered":"<p>Zece zile a petrecut \u00een total pre\u0219edintele Klaus Iohannis pe continetul african anul trecut, acolo&hellip;<\/p>\n","protected":false},"author":0,"featured_media":27107,"comment_status":"open","ping_status":"open","sticky":false,"template":"","format":"standard","meta":{"footnotes":""},"categories":[3],"tags":[],"class_list":["post-27106","post","type-post","status-publish","format-standard","has-post-thumbnail","hentry","category-politica"],"_links":{"self":[{"href":"https:\/\/247stiri.ro\/index.php\/wp-json\/wp\/v2\/posts\/27106","targetHints":{"allow":["GET"]}}],"collection":[{"href":"https:\/\/247stiri.ro\/index.php\/wp-json\/wp\/v2\/posts"}],"about":[{"href":"https:\/\/247stiri.ro\/index.php\/wp-json\/wp\/v2\/types\/post"}],"replies":[{"embeddable":true,"href":"https:\/\/247stiri.ro\/index.php\/wp-json\/wp\/v2\/comments?post=27106"}],"version-history":[{"count":0,"href":"https:\/\/247stiri.ro\/index.php\/wp-json\/wp\/v2\/posts\/27106\/revisions"}],"wp:featuredmedia":[{"embeddable":true,"href":"https:\/\/247stiri.ro\/index.php\/wp-json\/wp\/v2\/media\/27107"}],"wp:attachment":[{"href":"https:\/\/247stiri.ro\/index.php\/wp-json\/wp\/v2\/media?parent=27106"}],"wp:term":[{"taxonomy":"category","embeddable":true,"href":"https:\/\/247stiri.ro\/index.php\/wp-json\/wp\/v2\/categories?post=27106"},{"taxonomy":"post_tag","embeddable":true,"href":"https:\/\/247stiri.ro\/index.php\/wp-json\/wp\/v2\/tags?post=27106"}],"curies":[{"name":"wp","href":"https:\/\/api.w.org\/{rel}","templated":true}]}}