{"id":27111,"date":"2025-01-28T07:44:51","date_gmt":"2025-01-28T07:44:51","guid":{"rendered":"https:\/\/247stiri.ro\/index.php\/2025\/01\/28\/patriarhia-romana-despre-o-eventuala-data-comuna-a-pastelui-o-consultare-privind-data-comuna-de-celebrare-a-pastelui-poate-avea-loc-doar-in-cadrul-unui-sinod-pan-ortodox\/"},"modified":"2025-01-28T07:44:51","modified_gmt":"2025-01-28T07:44:51","slug":"patriarhia-romana-despre-o-eventuala-data-comuna-a-pastelui-o-consultare-privind-data-comuna-de-celebrare-a-pastelui-poate-avea-loc-doar-in-cadrul-unui-sinod-pan-ortodox","status":"publish","type":"post","link":"https:\/\/247stiri.ro\/index.php\/2025\/01\/28\/patriarhia-romana-despre-o-eventuala-data-comuna-a-pastelui-o-consultare-privind-data-comuna-de-celebrare-a-pastelui-poate-avea-loc-doar-in-cadrul-unui-sinod-pan-ortodox\/","title":{"rendered":"Patriarhia Rom\u00e2n\u0103, despre o eventual\u0103 dat\u0103 comun\u0103 a Pa\u0219telui: \u201eO consultare privind data comun\u0103 de celebrare a Pa\u015ftelui poate avea loc doar \u00een cadrul unui Sinod pan-ortodox\u201d"},"content":{"rendered":"<p>\u201eA\u015fadar, \u015fi prezenta ini\u0163iativ\u0103 se \u00eenscrie \u00een acela\u015fi parcurs de lucru, \u0163in\u00e2nd cont \u015fi de recomandarea foarte important\u0103 a Sinaxei \u00cent\u00e2ist\u0103t\u0103torilor \u015fi Reprezentan\u0163ilor Bisericilor Ortodoxe, \u00eentrunit\u0103 \u00eentre 21-28 ianuarie 2016 la Centrul Patriarhiei Ecumenice de la Chamb\u00e9sy, \u00een cursul c\u0103reia s-au precizat urm\u0103toarele: \u201e\u00een ceea ce prive\u015fte tema Calendarului, este potrivit ca fiecare Biseric\u0103 s\u0103 fie liber\u0103 de a pune \u00een practic\u0103 ceea ce consider\u0103 de cuviin\u0163\u0103 pentru formarea duhovniceasc\u0103 a enoria\u015filor s\u0103i, dar f\u0103r\u0103 s\u0103 modifice data s\u0103rb\u0103toririi comune a Pa\u015ftilor de c\u0103tre to\u0163i ortodoc\u015fii\u201d.<\/p>\n<p>Prin urmare, \u201eorice ini\u0163iativ\u0103 referitoare la data de s\u0103rb\u0103torire a Pa\u015ftelui poate fi discutat\u0103 doar \u00een cadrul unui Sinod pan-ortodox\u201d, a precizat BOR.<\/p>","protected":false},"excerpt":{"rendered":"<p>\u201eA\u015fadar, \u015fi prezenta ini\u0163iativ\u0103 se \u00eenscrie \u00een acela\u015fi parcurs de lucru, \u0163in\u00e2nd cont \u015fi de&hellip;<\/p>\n","protected":false},"author":0,"featured_media":27112,"comment_status":"open","ping_status":"open","sticky":false,"template":"","format":"standard","meta":{"footnotes":""},"categories":[2],"tags":[],"class_list":["post-27111","post","type-post","status-publish","format-standard","has-post-thumbnail","hentry","category-actual"],"_links":{"self":[{"href":"https:\/\/247stiri.ro\/index.php\/wp-json\/wp\/v2\/posts\/27111","targetHints":{"allow":["GET"]}}],"collection":[{"href":"https:\/\/247stiri.ro\/index.php\/wp-json\/wp\/v2\/posts"}],"about":[{"href":"https:\/\/247stiri.ro\/index.php\/wp-json\/wp\/v2\/types\/post"}],"replies":[{"embeddable":true,"href":"https:\/\/247stiri.ro\/index.php\/wp-json\/wp\/v2\/comments?post=27111"}],"version-history":[{"count":0,"href":"https:\/\/247stiri.ro\/index.php\/wp-json\/wp\/v2\/posts\/27111\/revisions"}],"wp:featuredmedia":[{"embeddable":true,"href":"https:\/\/247stiri.ro\/index.php\/wp-json\/wp\/v2\/media\/27112"}],"wp:attachment":[{"href":"https:\/\/247stiri.ro\/index.php\/wp-json\/wp\/v2\/media?parent=27111"}],"wp:term":[{"taxonomy":"category","embeddable":true,"href":"https:\/\/247stiri.ro\/index.php\/wp-json\/wp\/v2\/categories?post=27111"},{"taxonomy":"post_tag","embeddable":true,"href":"https:\/\/247stiri.ro\/index.php\/wp-json\/wp\/v2\/tags?post=27111"}],"curies":[{"name":"wp","href":"https:\/\/api.w.org\/{rel}","templated":true}]}}