{"id":27120,"date":"2025-01-28T07:44:53","date_gmt":"2025-01-28T07:44:53","guid":{"rendered":"https:\/\/247stiri.ro\/index.php\/2025\/01\/28\/temperaturi-mai-ridicate-decat-normalele-perioadei-in-februarie-cum-arata-prognoza-meteo-pentru-urmatoarele-4-saptamani\/"},"modified":"2025-01-28T07:44:53","modified_gmt":"2025-01-28T07:44:53","slug":"temperaturi-mai-ridicate-decat-normalele-perioadei-in-februarie-cum-arata-prognoza-meteo-pentru-urmatoarele-4-saptamani","status":"publish","type":"post","link":"https:\/\/247stiri.ro\/index.php\/2025\/01\/28\/temperaturi-mai-ridicate-decat-normalele-perioadei-in-februarie-cum-arata-prognoza-meteo-pentru-urmatoarele-4-saptamani\/","title":{"rendered":"Temperaturi mai ridicate dec\u00e2t normalele perioadei, \u00een februarie. Cum arat\u0103 PROGNOZA meteo pentru urm\u0103toarele 4 s\u0103pt\u0103m\u00e2ni"},"content":{"rendered":"<p>S\u0103pt\u0103m\u00e2na 27.01.2025 \u2013 03.02.2025<\/p>\n<p>Valorile termice vor fi cu mult mai ridicate dec\u00e2t cele normale pentru aceast\u0103 perioad\u0103, la nivelul \u00eentregii \u0163\u0103ri. Regimul pluviometric va fi deficitar \u00een toate regiunile. S\u0103pt\u0103m\u00e2na 03.02.2025 \u2013 10.02.2025<\/p>\n<p>Temperaturile medii vor fi mai ridicate dec\u00e2t cele normale pentru acest interval, \u00een cea mai mare parte a \u0163\u0103rii. Cantit\u0103\u0163ile de precipita\u0163ii vor fi deficitare \u00een regiunile vestice \u015fi nordvestice, \u00een timp ce \u00een restul teritoriului se vor situa \u00een jurul celor normale pentru aceast\u0103 s\u0103pt\u0103m\u00e2n\u0103.<\/p>\n<p>S\u0103pt\u0103m\u00e2na 27.01.2025 \u2013 03.02.2025<\/p>\n<p>Temperaturile medii vor fi mai ridicate dec\u00e2t cele normale pentru acest interval, \u00een cea mai mare parte a \u0163\u0103rii.<\/p>\n<p>Cantit\u0103\u0163ile de precipita\u0163ii vor fi deficitare \u00een regiunile vestice \u015fi nordvestice, \u00een timp ce \u00een restul teritoriului se vor situa \u00een jurul celor normale pentru aceast\u0103 s\u0103pt\u0103m\u00e2n\u0103.<\/p>\n<p>S\u0103pt\u0103m\u00e2na 10.02.2025 \u2013 17.02.2025<\/p>\n<p>Temperatura medie a aerului va avea valori mai ridicate dec\u00e2t cele normale pentru aceast\u0103 perioad\u0103 \u00een toate regiunile.<\/p>\n<p>Cantit\u0103\u0163ile de precipita\u0163ii estimate pentru aceast\u0103 perioad\u0103 vor fi deficitare \u00een toat\u0103 \u0163ara.<\/p>\n<p>S\u0103pt\u0103m\u00e2na 17.02.2025 \u2013 24.02.2025<\/p>\n<p>Mediile valorilor termice se vor situa peste cele specifice pentru aceast\u0103 s\u0103pt\u0103m\u00e2n\u0103 \u00een toate regiunile.<\/p>\n<p>Regimul pluviometric va avea o tendin\u0163\u0103 deficitar\u0103 \u00een cea mai mare parte a \u0163\u0103rii.<\/p>","protected":false},"excerpt":{"rendered":"<p>S\u0103pt\u0103m\u00e2na 27.01.2025 \u2013 03.02.2025 Valorile termice vor fi cu mult mai ridicate dec\u00e2t cele normale&hellip;<\/p>\n","protected":false},"author":0,"featured_media":27121,"comment_status":"open","ping_status":"open","sticky":false,"template":"","format":"standard","meta":{"footnotes":""},"categories":[2],"tags":[],"class_list":["post-27120","post","type-post","status-publish","format-standard","has-post-thumbnail","hentry","category-actual"],"_links":{"self":[{"href":"https:\/\/247stiri.ro\/index.php\/wp-json\/wp\/v2\/posts\/27120","targetHints":{"allow":["GET"]}}],"collection":[{"href":"https:\/\/247stiri.ro\/index.php\/wp-json\/wp\/v2\/posts"}],"about":[{"href":"https:\/\/247stiri.ro\/index.php\/wp-json\/wp\/v2\/types\/post"}],"replies":[{"embeddable":true,"href":"https:\/\/247stiri.ro\/index.php\/wp-json\/wp\/v2\/comments?post=27120"}],"version-history":[{"count":0,"href":"https:\/\/247stiri.ro\/index.php\/wp-json\/wp\/v2\/posts\/27120\/revisions"}],"wp:featuredmedia":[{"embeddable":true,"href":"https:\/\/247stiri.ro\/index.php\/wp-json\/wp\/v2\/media\/27121"}],"wp:attachment":[{"href":"https:\/\/247stiri.ro\/index.php\/wp-json\/wp\/v2\/media?parent=27120"}],"wp:term":[{"taxonomy":"category","embeddable":true,"href":"https:\/\/247stiri.ro\/index.php\/wp-json\/wp\/v2\/categories?post=27120"},{"taxonomy":"post_tag","embeddable":true,"href":"https:\/\/247stiri.ro\/index.php\/wp-json\/wp\/v2\/tags?post=27120"}],"curies":[{"name":"wp","href":"https:\/\/api.w.org\/{rel}","templated":true}]}}