{"id":27142,"date":"2025-01-28T08:44:54","date_gmt":"2025-01-28T08:44:54","guid":{"rendered":"https:\/\/247stiri.ro\/index.php\/2025\/01\/28\/coiful-de-aur-de-la-cotofenesti-a-fost-folosit-ca-adapatoare-pentru-gaini-ce-s-a-intamplat-cu-comoara-gasita-de-copii-acum-un-secol\/"},"modified":"2025-01-28T08:44:54","modified_gmt":"2025-01-28T08:44:54","slug":"coiful-de-aur-de-la-cotofenesti-a-fost-folosit-ca-adapatoare-pentru-gaini-ce-s-a-intamplat-cu-comoara-gasita-de-copii-acum-un-secol","status":"publish","type":"post","link":"https:\/\/247stiri.ro\/index.php\/2025\/01\/28\/coiful-de-aur-de-la-cotofenesti-a-fost-folosit-ca-adapatoare-pentru-gaini-ce-s-a-intamplat-cu-comoara-gasita-de-copii-acum-un-secol\/","title":{"rendered":"Coiful de aur de la Co\u021bofene\u0219ti a fost folosit ca ad\u0103p\u0103toare pentru g\u0103ini. Ce s-a \u00eent\u00e2mplat cu comoara g\u0103sit\u0103 de copii acum un secol"},"content":{"rendered":"<p>Faima Coifului getic de la Co\u021bofene\u0219ti se datoreaz\u0103 faptului c\u0103 acesta a fost ilustrat \u00een toate lucr\u0103rile de \u00eenalt\u0103 erudi\u021bie care trateaz\u0103 nu numai istoria artei \u0219i a prelucr\u0103rii metalelor pre\u021bioase, dar \u0219i istoria politic\u0103 \u0219i social\u0103 a vechilor popula\u021bii care au tr\u0103it pe teritoriul actual al Rom\u00e2niei, potrivit Muzeului Na\u021bional de Istorie a Rom\u00e2niei.<\/p>\n<p>\u00cen plus, coiful de la Co\u021bofene\u0219ti este prezentat \u00een toate manualele \u0219colare de istorie destinate cursului primar, gimnazial \u0219i liceal, precum \u0219i \u00een marile tratate de istorie editate \u00een \u021bar\u0103 dup\u0103 1960.<\/p>\n<p><a href=\"https:\/\/www.realitatea.net\/stiri\/politica\/ciolacu-confirma-ca-nu-a-existat-o-hotarare-de-guvern-pentru-scoaterea-obiectelor-dacice-din-tara-vom-afla-toate-detaliile_67976acc54a1de1746456182\" target=\"_blank\">Tezaurul dacic a fost scos ILEGAL din \u021bar\u0103! Marcel Ciolacu a confirmat: NU a existat o hot\u0103r\u00e2re de guvern!<\/a><\/p>\n<p>Povestea coifului a fost relatat\u0103 \u00een 2020 de Ernest T\u00e2rnoveanu, directorul Muzeului Na\u021bional de Istorie a Rom\u00e2niei, \u00eentr-un documentar TVR.\u00a0<\/p>\n<p>\u201eAcest coif are o istorie at\u00e2t de stranie \u00eenc\u00e2t de multe ori ast\u0103zi, privind \u00een urm\u0103, cei aproape 90 de ani de existen\u021b\u0103 oficial\u0103 a piesei, ne mir\u0103m cum de a supravie\u0163uit\u201d, a explicat Ernest Oberlander-T\u00e2rnoveanu.<\/p>\n<p>\u201eCopiii au g\u0103sit o &#8222;c\u0103ciul\u0103&#8221;, a\u015fa au \u015fi declarat\u201d<\/p>\n<p>\u00cen urm\u0103 cu aproape 100 de ani, piesa &#8211; datat\u0103 \u00een sec. IV &#8211; V \u00ee.e.n. &#8211; despre care nimeni nu \u0219tia atunci c\u0103 are o valoare inestimabil\u0103, z\u0103cea la vedere pe un deal din satul Co\u021bofene\u0219ti, Prahova.<\/p>\n<p>A fost g\u0103sit\u0103 din \u00eent\u00e2mplare la pu\u021bin timp dup\u0103 Primul R\u0103zboi Mondial, \u00een anul 1926 sau 1927, de c\u00e2\u021biva copii afla\u021bi cu vitele la p\u0103scut.<\/p>\n<p>\u201eCopiii au g\u0103sit o \u00abc\u0103ciul\u0103\u00bb, a\u015fa au \u015fi declarat, \u015fi au pus-o r\u00e2nd pe r\u00e2nd \u00een cap \u015fi au adus-o acas\u0103, \u00een curtea familiei Simion. Coiful a fost g\u0103sit de unul din copiii acestei familii, care se numea Traian\u201d, relata T\u00e2rnoveanu.<\/p>\n<p>Familia b\u0103iatului n-a avut nici cea mai vag\u0103 idee cu privire la valoare coifului, a\u0219a c\u0103 l-a folosit \u00een gospod\u0103rie.<\/p>\n<p>\u201eDup\u0103 ce a fost ad\u0103p\u0103toare pentru g\u0103ini, parc\u0103 s-a constatat c\u0103 nu e chiar cel mai potrivit lucru, a fost aruncat pe acoperi\u015ful unui cote\u0163. (&#8230;) Nu \u015fi-au dat seama c\u0103 piesa este din aur. \u015ei pentru faptul c\u0103 aurul antic con\u0163ine \u00een mod firesc o mare cantitate de argint. \u015ei acest argint \u00eei d\u0103 o culoare g\u0103lbuie neobi\u015fnuit\u0103 pentru noi. \u00cen mintea noastr\u0103 culoarea aurului e aurul de 14 carate, care e un aliaj de aur cu argint \u0219i cupru, aurul pur are o culoare g\u0103lbuie, iar aurul amestecat cu argint are o culoare albicioas\u0103, similar\u0103 cu alama\u201d, a mai spus Ernest T\u00e2rnoveanu, citat de adevarul.<\/p>\n<p>Soarta coifului s-a schimbat c\u00e2nd a fost v\u0103zut de un cunosc\u0103tor.<\/p>\n<p>\u201eCoiful distrus a fost prezentat de tat\u0103l lui Traian Simion unui fost camarad de arme din Primul R\u0103zboi Mondial, un negustor destul de cunoscut, Jean Marinescu\u201d, a explicat directorul Muzeului Na\u021bional de Istorie.\u00a0<\/p>\n<p>Negustorul l-a cump\u0103rat de la familia Simion pentru 30.000 de lei, o sum\u0103 mai mult dec\u00e2t consistent\u0103 pentru o familie de la \u021bar\u0103, iar mai t\u00e2rziu l-a donat Muzeului Na\u0163ional de Antichit\u0103\u0163i.<\/p>\n<p>\u00cen anul 1971, Coiful de aur de la Co\u021bofene\u0219ti a ajuns la Muzeul Na\u021bional de Istorie.<\/p>\n<p>\u00cencep\u00e2nd cu anul 1972, coiful de la Co\u021bofene\u0219ti a fost expus \u00een Tezaurul Istoric al MNIR fiind admirat de milioane de vizitatori din \u021bar\u0103 \u0219i din str\u0103in\u0103tate. Al\u0103turi de cele mai valoroase descoperiri arheologice rom\u00e2ne\u0219ti, coiful a fost expus la loc de cinste \u00een mari expozi\u021bii organizate \u00een str\u0103in\u0103tate: Paris, Oxford, Stockholm, Frankfurt, Rotterdam, Floren\u021ba \u0219i Lisabona.<\/p>\n<p>S\u00e2mb\u0103t\u0103, 25 ianuarie 2025, Coiful de aur de la Co\u021bofene\u0219ti a fost furat de la Muzeul din Drents \u00eempreun\u0103 cu trei br\u0103\u021b\u0103ri dacice.<\/p>\n<p>\u00a0<\/p>\n<p>\u00a0<\/p>","protected":false},"excerpt":{"rendered":"<p>Faima Coifului getic de la Co\u021bofene\u0219ti se datoreaz\u0103 faptului c\u0103 acesta a fost ilustrat \u00een&hellip;<\/p>\n","protected":false},"author":0,"featured_media":27131,"comment_status":"open","ping_status":"open","sticky":false,"template":"","format":"standard","meta":{"footnotes":""},"categories":[2],"tags":[],"class_list":["post-27142","post","type-post","status-publish","format-standard","has-post-thumbnail","hentry","category-actual"],"_links":{"self":[{"href":"https:\/\/247stiri.ro\/index.php\/wp-json\/wp\/v2\/posts\/27142","targetHints":{"allow":["GET"]}}],"collection":[{"href":"https:\/\/247stiri.ro\/index.php\/wp-json\/wp\/v2\/posts"}],"about":[{"href":"https:\/\/247stiri.ro\/index.php\/wp-json\/wp\/v2\/types\/post"}],"replies":[{"embeddable":true,"href":"https:\/\/247stiri.ro\/index.php\/wp-json\/wp\/v2\/comments?post=27142"}],"version-history":[{"count":0,"href":"https:\/\/247stiri.ro\/index.php\/wp-json\/wp\/v2\/posts\/27142\/revisions"}],"wp:featuredmedia":[{"embeddable":true,"href":"https:\/\/247stiri.ro\/index.php\/wp-json\/wp\/v2\/media\/27131"}],"wp:attachment":[{"href":"https:\/\/247stiri.ro\/index.php\/wp-json\/wp\/v2\/media?parent=27142"}],"wp:term":[{"taxonomy":"category","embeddable":true,"href":"https:\/\/247stiri.ro\/index.php\/wp-json\/wp\/v2\/categories?post=27142"},{"taxonomy":"post_tag","embeddable":true,"href":"https:\/\/247stiri.ro\/index.php\/wp-json\/wp\/v2\/tags?post=27142"}],"curies":[{"name":"wp","href":"https:\/\/api.w.org\/{rel}","templated":true}]}}