{"id":27146,"date":"2025-01-28T08:44:55","date_gmt":"2025-01-28T08:44:55","guid":{"rendered":"https:\/\/247stiri.ro\/index.php\/2025\/01\/28\/hurezeanu-a-insistat-la-consiliul-afaceri-externe-asupra-nevoia-accelerarii-ritmului-de-acordare-a-sprijinului-militar-pentru-ucraina-precum-si-necesitatea-mentinerii-presiunii-asupra-rusiei\/"},"modified":"2025-01-28T08:44:55","modified_gmt":"2025-01-28T08:44:55","slug":"hurezeanu-a-insistat-la-consiliul-afaceri-externe-asupra-nevoia-accelerarii-ritmului-de-acordare-a-sprijinului-militar-pentru-ucraina-precum-si-necesitatea-mentinerii-presiunii-asupra-rusiei","status":"publish","type":"post","link":"https:\/\/247stiri.ro\/index.php\/2025\/01\/28\/hurezeanu-a-insistat-la-consiliul-afaceri-externe-asupra-nevoia-accelerarii-ritmului-de-acordare-a-sprijinului-militar-pentru-ucraina-precum-si-necesitatea-mentinerii-presiunii-asupra-rusiei\/","title":{"rendered":"Hurezeanu a insistat, la Consiliul Afaceri Externe, asupra nevoia acceler\u0103rii ritmului de acordare a sprijinului militar pentru Ucraina, precum \u015fi necesitatea men\u0163inerii presiunii asupra Rusiei"},"content":{"rendered":"<p>Ministrul afacerilor externe Emil Hurezeanu a participat luni, 27 ianuarie 2025, la reuniunea mini\u015ftrilor afacerilor externe din statele membre ale UE \u2013 Consiliul Afaceri Externe (CAE), care a avut loc la Bruxelles \u015fi a avt pe agend\u0103\u00a0agresiunea Rusiei \u00eempotriva Ucrainei, situa\u0163ia din Orientul Mijlociu \u015fi rela\u0163iile UE-SUA. La punctul afaceri curente, au fost discutate criza energetic\u0103 din Republica Moldova, situa\u0163ia din Georgia \u015fi evolu\u0163iile recente \u00een Republica Democratic\u0103 Congo.\u00a0\u201d\u00cen cadrul discu\u0163iilor privind agresiunea Rusiei \u00eempotriva Ucrainei, ministrul rom\u00e2n a reiterat sus\u0163inerea pentru suveranitatea, integritatea \u015fi independen\u0163a Ucrainei \u015fi a subliniat importan\u0163a continu\u0103rii sprijinului multidimensional al UE pentru Ucraina. A accentuat nevoia acceler\u0103rii ritmului de acordare a sprijinului militar pentru Ucraina, inclusiv deblocarea sprijinului prin Instrumentul European pentru Pace\/EPF \u015fi adaptarea mandatului Misiunii UE de Asisten\u0163\u0103 Militar\u0103\/EUMAM la cerin\u0163ele din teren.\u00a0Ministrul Emil Hurezeanu a sus\u0163inut necesitatea men\u0163inerii presiunii asupra Rusiei \u015fi preg\u0103tirea celui de-al 16-lea pachet de m\u0103suri restrictive, care s\u0103 fie adoptat \u00een contextul marc\u0103rii a trei ani de la debutul agresiunii ruse \u00eempotriva Ucrainei.\u00a0A reafirmat sprijinul Rom\u00e2niei pentru o pace just\u0103 \u015fi durabil\u0103 \u00een Ucraina \u015fi a subliniat c\u0103 orice discu\u0163ie despre pace trebuie s\u0103 implice at\u00e2t Kievul, c\u00e2t \u015fi vecinii acestuia care particip\u0103 la eforturile de sprijinire a Ucrainei\u201d, informeaz\u0103 MAE.\u00a0De asemenea, a reiterat sprijinul Rom\u00e2niei pentru parcursul european al Ucrainei \u015fi R. Moldova.\u00a0Referitor la situa\u0163ia din Orientul Mijlociu, ministrul Emil Hurezeanu a salutat acordul de \u00eencetare a focului \u015fi de eliberare a unui num\u0103r de\u00a0 ostatici, \u00eencheiat \u00eentre Israel \u015fi Hamas. A exprimat sprijinul pentru redesf\u0103\u015furarea misiunii EUBAM Rafah, care va contribui la o ameliorare a situa\u0163iei umanitare din Gaza.\u00a0De asemenea, a accentuat importan\u0163a unui dialog constant cu ambele p\u0103r\u0163i \u015fi a exprimat sprijinul pentru organizarea Consiliului de Asociere UE-Israel, precum \u015fi a dialogului politic la nivel \u00eenalt cu Autoritatea Palestinian\u0103 \u015fi a reiterat sprijinul ferm pentru solu\u0163ia celor dou\u0103 state.\u00a0Referitor la situa\u0163ia din Siria, ministrul rom\u00e2n a accentuat necesitatea unei tranzi\u0163ii politice pa\u015fnice \u015fi incluzive, care s\u0103 asigure integritatea teritorial\u0103 a Siriei \u015fi protejarea drepturilor fundamentale pentru to\u0163i sirienii, inclusiv minorit\u0103\u0163i etnice \u015fi religioase.\u00a0\u201d\u00cen aceea\u015fi m\u0103sur\u0103, a exprimat sprijin pentru o relaxare a sanc\u0163iunilor de o manier\u0103 gradual\u0103 \u015fi reversibil\u0103 \u00een func\u0163ie de evolu\u0163iile din Siria\u201d, precizeaz\u0103 MAE.\u00a0\u00cen ceea ce prive\u015fte situa\u0163ia din Liban, a salutat alegerea unui nou pre\u015fedinte, respectiv desemnarea unui nou premier \u015fi a exprimat sprijinul pentru consolidarea institu\u0163ional\u0103 \u015fi reconstruc\u0163ia \u0163\u0103rii.\u00a0Referitor la rela\u0163ia UE-SUA, a fost subliniat\u0103 importan\u0163a men\u0163inerii unei rela\u0163ii transatlantice robuste, esen\u0163ial\u0103 \u00een actualul context geopolitic. UE trebuie s\u0103 aib\u0103 o abordare coordonat\u0103 \u00een dialogul cu noua administra\u0163ie de la Washington, inclusiv din perspectiva asigur\u0103rii unui sprijin transatlantic solid pentru Ucraina \u015fi pentru cre\u015fterea rezilien\u0163ei Republicii Moldova.\u00a0Cu privire la Republica Moldova, ministrul rom\u00e2n a eviden\u0163iat faptul c\u0103 Rusia instrumentalizeaz\u0103 energia pentru a-\u015fi atinge interesele politice \u015fi a men\u0163ionat sprijinul constant al Rom\u00e2niei, at\u00e2t prin furnizarea de energie electric\u0103 \u015fi gaz, c\u00e2t \u015fi prin pledarea constant\u0103, la nivelul UE, pentru cre\u015fterea sprijinului european \u015fi al statelor membre pentru R. Moldova. A salutat anun\u0163ul Comisiei Europene privind acordarea unui sprijin financiar suplimentar de 30 de milioane de euro pentru gestionarea crizei energetice.\u00a0\u00cen marja CAE, ministrul afacerilor externe E. Hurezeanu a participat la o cin\u0103 informal\u0103 cu liderul opozi\u0163iei belaruse, Sviatlana Tsikhanouskaya. A ar\u0103tat c\u0103, asemenea alegerilor din 2020, scrutinul preziden\u0163ial din Belarus de la 26 ianuarie 2025 nu poate fi considerat nici liber, nici democratic, nefiind \u00eentrunite cerin\u0163ele minime. A \u00eencurajat men\u0163inerea unit\u0103\u0163ii opozi\u0163iei belaruse \u00een exil \u015fi a eviden\u0163iat implicarea activ\u0103 a Rom\u00e2niei \u00een sprijinirea societ\u0103\u0163ii civile, a mass-media independente \u015fi a opozi\u0163iei politice belaruse.\u00a0De asemenea, ministrul rom\u00e2n a participat la un mic dejun informal privind amenin\u0163\u0103rile hibride cu care se confrunt\u0103 Europa, \u00een special din partea Rusiei, \u015fi a avut un schimb de opinii cu omologii privind modalit\u0103\u0163i de consolidare a ac\u0163iunii UE pentru prevenirea \u015fi descurajarea acestora.\u00a0Totodat\u0103, \u00een marja CAE, ministrul afacerilor externe Emil Hurezeanu a avut scurte \u00eentrevederi cu ministrul afacerilor externe al Regatului \u0162\u0103rilor de Jos, Caspar Veldkamp, cu ministrul spaniol pentru afaceri externe, Uniunea European\u0103 \u015fi cooperare, Jos\u00e9 Manuel Albares Bueno \u015fi cu ministrul leton al afacerilor externe Baiba Braze.\u00a0Discu\u0163ia cu omologul olandez Caspar Veldkamp s-a concentrat asupra importan\u0163ei unei cooper\u0103ri c\u00e2t mai str\u00e2nse, prin intermediul autorit\u0103\u0163ilor competente, pentru solu\u0163ionarea furtului de la Muzeul Drents din Assen.\u00a0Ministrul Hurezeanu a accentuat importan\u0163a recuper\u0103rii \u00een cel mai scurt timp a exponatelor sustrase, eviden\u0163iind relevan\u0163a cultural\u0103 \u015fi istoric\u0103 excep\u0163ional\u0103 a acestora pentru patrimoniul rom\u00e2nesc. Ministrul olandez Veldkamp a oferit asigur\u0103ri privind sprijinul autorit\u0103\u0163ilor din Regatul \u0162\u0103rilor de Jos pentru identificarea f\u0103pta\u015filor \u015fi recuperarea tezaurului.<\/p>","protected":false},"excerpt":{"rendered":"<p>Ministrul afacerilor externe Emil Hurezeanu a participat luni, 27 ianuarie 2025, la reuniunea mini\u015ftrilor afacerilor&hellip;<\/p>\n","protected":false},"author":0,"featured_media":27147,"comment_status":"open","ping_status":"open","sticky":false,"template":"","format":"standard","meta":{"footnotes":""},"categories":[2],"tags":[],"class_list":["post-27146","post","type-post","status-publish","format-standard","has-post-thumbnail","hentry","category-actual"],"_links":{"self":[{"href":"https:\/\/247stiri.ro\/index.php\/wp-json\/wp\/v2\/posts\/27146","targetHints":{"allow":["GET"]}}],"collection":[{"href":"https:\/\/247stiri.ro\/index.php\/wp-json\/wp\/v2\/posts"}],"about":[{"href":"https:\/\/247stiri.ro\/index.php\/wp-json\/wp\/v2\/types\/post"}],"replies":[{"embeddable":true,"href":"https:\/\/247stiri.ro\/index.php\/wp-json\/wp\/v2\/comments?post=27146"}],"version-history":[{"count":0,"href":"https:\/\/247stiri.ro\/index.php\/wp-json\/wp\/v2\/posts\/27146\/revisions"}],"wp:featuredmedia":[{"embeddable":true,"href":"https:\/\/247stiri.ro\/index.php\/wp-json\/wp\/v2\/media\/27147"}],"wp:attachment":[{"href":"https:\/\/247stiri.ro\/index.php\/wp-json\/wp\/v2\/media?parent=27146"}],"wp:term":[{"taxonomy":"category","embeddable":true,"href":"https:\/\/247stiri.ro\/index.php\/wp-json\/wp\/v2\/categories?post=27146"},{"taxonomy":"post_tag","embeddable":true,"href":"https:\/\/247stiri.ro\/index.php\/wp-json\/wp\/v2\/tags?post=27146"}],"curies":[{"name":"wp","href":"https:\/\/api.w.org\/{rel}","templated":true}]}}