{"id":27148,"date":"2025-01-28T08:44:55","date_gmt":"2025-01-28T08:44:55","guid":{"rendered":"https:\/\/247stiri.ro\/index.php\/2025\/01\/28\/regele-olandei-reactie-in-scandalul-furtului-tezaurului-dacic-discutii-cruciale-cu-ministrul-culturii-de-la-bucuresti\/"},"modified":"2025-01-28T08:44:55","modified_gmt":"2025-01-28T08:44:55","slug":"regele-olandei-reactie-in-scandalul-furtului-tezaurului-dacic-discutii-cruciale-cu-ministrul-culturii-de-la-bucuresti","status":"publish","type":"post","link":"https:\/\/247stiri.ro\/index.php\/2025\/01\/28\/regele-olandei-reactie-in-scandalul-furtului-tezaurului-dacic-discutii-cruciale-cu-ministrul-culturii-de-la-bucuresti\/","title":{"rendered":"Regele Olandei, reac\u021bie \u00een scandalul furtului tezaurului dacic. Discu\u021bii cruciale cu ministrul Culturii de la Bucure\u0219ti"},"content":{"rendered":"<p>Luni, ministrul Culturii, Natalia Intotero, a discutat cu Regele Willem-Alexander al \u021a\u0103rilor de Jos, dar \u0219i cu prim-ministrul Olandei, Dick Schoof, despre furtul de art\u0103 de la <a href=\"https:\/\/www.realitatea.net\/stiri\/actual\/romania-da-in-judecata-muzeul-drents-din-olanda-dupa-furtul-tezaurului-dacic-cine-este-de-vina-pentru-jaf_67968ac10100ef1cde370f12\" target=\"_blank\">Muzeul Drents<\/a>.<\/p>\n<p><a href=\"https:\/\/www.realitatea.net\/stiri\/actual\/ce-este-coiful-dacic-de-la-cotofenesti-obiect-disparut-in-urma-exploziei-de-la-muzeul-din-olanda_6794d80de67d0730a4116932\" target=\"_blank\">Ce este Coiful Dacic de la Co\u021bofene\u0219ti, obiect disp\u0103rut \u00een urma exploziei de la muzeul din Olanda<\/a><\/p>\n<p>Cu acest prilej, ministrul Culturii a transmis c\u0103 aceste artefacte &#8222;nu sunt doar obiecte de patrimoniu, ci sunt p\u0103r\u021bi esen\u021biale ale istoriei \u0219i identit\u0103\u021bii poporului rom\u00e2n&#8221;.\u00a0<\/p>\n<p>Mai mult dec\u00e2t at\u00e2t, regele Olandei se implic\u0103 \u00een frutul <a href=\"https:\/\/www.realitatea.net\/stiri\/actual\/presa-olandeza-comenteaza-furtul-tezaurului-dacic-din-muzeul-din-assen-este-devastator-orice-copil-din-romania-invata-despre-coiful-de-la-cotofenesti-la-scoala_67965b69cf91d77058534348\" target=\"_blank\">tezaurului dacic<\/a>. Acesta a spus c\u0103 va fi al\u0103turi de autorit\u0103\u021bile olandeze pentru a g\u0103si tezaurul care este \u00een continuare de neg\u0103sit.\u00a0<\/p>\n<p><a href=\"https:\/\/www.realitatea.net\/stiri\/actual\/explozie-puertnica-langa-un-muzeu-din-olanda-unde-erau-expuse-obiecte-din-tezaurul-dacic-citeva-au-fost-furate_6794d17b6d475e413e4cd4a2\" target=\"_blank\">Explozie puternic\u0103 l\u00e2ng\u0103 un muzeu din Olanda unde erau expuse obiecte din tezaurul dacic. C\u00e2teva piese au disp\u0103rut<\/a>\u00a0<\/p>","protected":false},"excerpt":{"rendered":"<p>Luni, ministrul Culturii, Natalia Intotero, a discutat cu Regele Willem-Alexander al \u021a\u0103rilor de Jos, dar&hellip;<\/p>\n","protected":false},"author":0,"featured_media":27137,"comment_status":"open","ping_status":"open","sticky":false,"template":"","format":"standard","meta":{"footnotes":""},"categories":[2],"tags":[],"class_list":["post-27148","post","type-post","status-publish","format-standard","has-post-thumbnail","hentry","category-actual"],"_links":{"self":[{"href":"https:\/\/247stiri.ro\/index.php\/wp-json\/wp\/v2\/posts\/27148","targetHints":{"allow":["GET"]}}],"collection":[{"href":"https:\/\/247stiri.ro\/index.php\/wp-json\/wp\/v2\/posts"}],"about":[{"href":"https:\/\/247stiri.ro\/index.php\/wp-json\/wp\/v2\/types\/post"}],"replies":[{"embeddable":true,"href":"https:\/\/247stiri.ro\/index.php\/wp-json\/wp\/v2\/comments?post=27148"}],"version-history":[{"count":0,"href":"https:\/\/247stiri.ro\/index.php\/wp-json\/wp\/v2\/posts\/27148\/revisions"}],"wp:featuredmedia":[{"embeddable":true,"href":"https:\/\/247stiri.ro\/index.php\/wp-json\/wp\/v2\/media\/27137"}],"wp:attachment":[{"href":"https:\/\/247stiri.ro\/index.php\/wp-json\/wp\/v2\/media?parent=27148"}],"wp:term":[{"taxonomy":"category","embeddable":true,"href":"https:\/\/247stiri.ro\/index.php\/wp-json\/wp\/v2\/categories?post=27148"},{"taxonomy":"post_tag","embeddable":true,"href":"https:\/\/247stiri.ro\/index.php\/wp-json\/wp\/v2\/tags?post=27148"}],"curies":[{"name":"wp","href":"https:\/\/api.w.org\/{rel}","templated":true}]}}