{"id":27160,"date":"2025-01-28T09:44:51","date_gmt":"2025-01-28T09:44:51","guid":{"rendered":"https:\/\/247stiri.ro\/index.php\/2025\/01\/28\/nicusor-dan-nu-renunta-la-candidatura-la-alegerile-prezidentiale\/"},"modified":"2025-01-28T09:44:51","modified_gmt":"2025-01-28T09:44:51","slug":"nicusor-dan-nu-renunta-la-candidatura-la-alegerile-prezidentiale","status":"publish","type":"post","link":"https:\/\/247stiri.ro\/index.php\/2025\/01\/28\/nicusor-dan-nu-renunta-la-candidatura-la-alegerile-prezidentiale\/","title":{"rendered":"Nicu\u015for Dan nu renun\u021b\u0103 la candidatura la alegerile preziden\u0163iale"},"content":{"rendered":"<p>\u201eAceast\u0103 situa\u0163ie ipotetic\u0103 ar fi existat \u00eenainte s\u0103 anun\u0163 \u015fi \u00eenainte s\u0103 v\u0103d ni\u015fte sondaje \u00eenainte s\u0103 anun\u0163. Atunci am v\u0103zut o a\u015fteptare a publicului \u015fi \u00een baza acestei a\u015ftept\u0103ri am luat decizia. Mai departe, nu\u201d, spune Ni\u015fu\u015for Dan, \u00eentrebat dac\u0103 exist\u0103 posibilitatea de a se retrage din cursa electoral\u0103.<\/p>\n<p>El afirm\u0103 c\u0103 nu \u00eei va cere Elenei Lasconi s\u0103 se retrag\u0103, ci va discuta cu ea \u201ecu sondajele pe mas\u0103\u201d. \u201eE o campanie care abia \u00eencepe \u015fi, din fericire, e o campanie \u00een dou\u0103 tururi \u015fi, cel pu\u0163in \u00een momentul \u0103sta, eu nu v\u0103d posibilitatea ca \u00een turul doi s\u0103 existe doi izola\u0163ioni\u015fti.<\/p>\n<p>Deci un candidat pro-occidental va fi \u00een turul doi pe datele din momentul acesta. Dac\u0103 datele astea se vor schimba, evident c\u0103 va fi o presiune social\u0103 sau o presiune a publicului nostru pentru a reg\u00e2ndi cum va fi eventual s\u0103 se r\u0103trag\u0103 cineva. \u00cen acest moment nu v\u0103d riscul\u201d, \u00eencheie Nicu\u015for Dan.<\/p>","protected":false},"excerpt":{"rendered":"<p>\u201eAceast\u0103 situa\u0163ie ipotetic\u0103 ar fi existat \u00eenainte s\u0103 anun\u0163 \u015fi \u00eenainte s\u0103 v\u0103d ni\u015fte sondaje&hellip;<\/p>\n","protected":false},"author":0,"featured_media":27161,"comment_status":"open","ping_status":"open","sticky":false,"template":"","format":"standard","meta":{"footnotes":""},"categories":[2],"tags":[],"class_list":["post-27160","post","type-post","status-publish","format-standard","has-post-thumbnail","hentry","category-actual"],"_links":{"self":[{"href":"https:\/\/247stiri.ro\/index.php\/wp-json\/wp\/v2\/posts\/27160","targetHints":{"allow":["GET"]}}],"collection":[{"href":"https:\/\/247stiri.ro\/index.php\/wp-json\/wp\/v2\/posts"}],"about":[{"href":"https:\/\/247stiri.ro\/index.php\/wp-json\/wp\/v2\/types\/post"}],"replies":[{"embeddable":true,"href":"https:\/\/247stiri.ro\/index.php\/wp-json\/wp\/v2\/comments?post=27160"}],"version-history":[{"count":0,"href":"https:\/\/247stiri.ro\/index.php\/wp-json\/wp\/v2\/posts\/27160\/revisions"}],"wp:featuredmedia":[{"embeddable":true,"href":"https:\/\/247stiri.ro\/index.php\/wp-json\/wp\/v2\/media\/27161"}],"wp:attachment":[{"href":"https:\/\/247stiri.ro\/index.php\/wp-json\/wp\/v2\/media?parent=27160"}],"wp:term":[{"taxonomy":"category","embeddable":true,"href":"https:\/\/247stiri.ro\/index.php\/wp-json\/wp\/v2\/categories?post=27160"},{"taxonomy":"post_tag","embeddable":true,"href":"https:\/\/247stiri.ro\/index.php\/wp-json\/wp\/v2\/tags?post=27160"}],"curies":[{"name":"wp","href":"https:\/\/api.w.org\/{rel}","templated":true}]}}