{"id":27162,"date":"2025-01-28T09:44:51","date_gmt":"2025-01-28T09:44:51","guid":{"rendered":"https:\/\/247stiri.ro\/index.php\/2025\/01\/28\/guvernul-intentioneaza-sa-ceara-daune-fara-precedent-in-cazul-tezaurului-furat-si-sa-ofere-recompensa-pentru-gasirea-acestuia-anuntul-lui-ciolacu\/"},"modified":"2025-01-28T09:44:51","modified_gmt":"2025-01-28T09:44:51","slug":"guvernul-intentioneaza-sa-ceara-daune-fara-precedent-in-cazul-tezaurului-furat-si-sa-ofere-recompensa-pentru-gasirea-acestuia-anuntul-lui-ciolacu","status":"publish","type":"post","link":"https:\/\/247stiri.ro\/index.php\/2025\/01\/28\/guvernul-intentioneaza-sa-ceara-daune-fara-precedent-in-cazul-tezaurului-furat-si-sa-ofere-recompensa-pentru-gasirea-acestuia-anuntul-lui-ciolacu\/","title":{"rendered":"Guvernul inten\u021bioneaz\u0103 s\u0103 cear\u0103 \u201dDAUNE F\u0102R\u0102 PRECEDENT\u201d \u00een cazul tezaurului furat \u0219i s\u0103 ofere RECOMPENS\u0102 pentru g\u0103sirea acestuia. Anun\u021bul lui Ciolacu"},"content":{"rendered":"<p>\u201dSunt revoltat c\u0103 obiecte inestimabile din tezaurul Rom\u00e2niei au fost furate dintr-un muzeu din Olanda unde nu existau agen\u0163i de paz\u0103! Nu putem accepta a\u015fa ceva. Dac\u0103 asta s-ar fi \u00eent\u00e2mplat \u00een Rom\u00e2nia, eram f\u0103cu\u0163i praf, \u00een mod firesc! \u00cei cer ministrului Justi\u0163iei s\u0103 analizeze cu cei mai buni exper\u0163i contractul cu muzeul olandez \u015fi s\u0103 cerem daune f\u0103r\u0103 precedent\u201d, a afirmat Ciolacu, \u00een debutul \u015fedin\u0163ei de Guvern de la Palatul Victoria.<\/p>\n\n<p>Premierul spune c\u0103 a transmis deja autorit\u0103\u0163ilor olandeze \u201dun mesaj ferm\u201d potrivit c\u0103ruia este vital ca ancheta s\u0103 duc\u0103 la prinderea ho\u0163ilor \u015fi recuperarea integral\u0103 a comorilor dacice. \u201dStatul olandez are toat\u0103 r\u0103spunderea acestei situa\u0163ii\u201d, a ar\u0103tat Marcel Ciolacu.\u00a0<\/p>\n<p><a href=\"https:\/\/www.realitatea.net\/stiri\/actual\/regele-olandei-reactie-in-scandalul-furtului-tezaurului-dacic-discutii-cruciale-cu-ministrul-culturii-de-la-bucuresti_67988bad58f487716a4cfcd2\" target=\"_blank\">Regele Olandei, reac\u021bie \u00een scandalul furtului tezaurului dacic. Discu\u021bii cruciale cu ministrul Culturii de la Bucure\u0219ti<\/a><\/p>\n<p>Acesta a cerut, de asemenea, ministrului Culturii Natalia Intotero \u201dm\u0103suri dure, inclusiv demiteri dac\u0103 e cazul, \u00een cadrul institu\u0163iilor responsabile de acest contract\u201d.<\/p>\n<p>\u201dVoi avea \u015fi un raport al Corpului de Control al prim-ministrului privind avizele date anul trecut la Ministerul Culturii pentru a scoate din \u0163ar\u0103 tezaurul dacic. Le voi \u00eenainta procurorilor pentru ca vinova\u0163ii s\u0103 r\u0103spund\u0103. A\u015ftept \u015fi un set de m\u0103suri pentru viitor pentru a ne proteja bunurile din patrimoniul na\u0163ional. Obiecte at\u00e2t de valoroase nu pot fi scoase din \u0163ar\u0103 oric\u00e2nd vrea un muzeu regional european\u201d, a mai spus premierul.<\/p>\n<p><a href=\"https:\/\/www.realitatea.net\/stiri\/actual\/furtul-trezaurului-hotii-la-un-pas-sa-fie-identificati_679621c3e5e30071ec7ecb92\" target=\"_blank\">Ho\u021bii tezaurului dacic, la un pas s\u0103 fie identifica\u021bi. Poli\u021bia olandez\u0103, primele imagini cu presupu\u0219ii t\u00e2lhari. Ar putea fi implica\u021bi \u0219i rom\u00e2ni<\/a><\/p>\n<p>Marcel Ciolacu \u015fi-a exprimat, totodat\u0103, speran\u0163a c\u0103 valorile na\u0163ionale vor fi recuperate: \u201dTrebuie s\u0103 facem tot ce depinde de noi s\u0103 m\u0103rim \u015fansele g\u0103sirii lor. \u00cen func\u0163ie de cooperarea cu autorit\u0103\u0163ile olandeze, nu exclud nici s\u0103 apel\u0103m la firme interna\u0163ionale specializate \u00een recuperarea obiectelor de art\u0103 furate. \u015ei nici s\u0103 anun\u0163\u0103m o recompens\u0103 pe m\u0103sura valorii uria\u015fe pe care aceste obiecte o au pentru poporul rom\u00e2n \u015fi identitatea noastr\u0103 na\u0163ional\u0103\u201d.\u00a0<\/p>","protected":false},"excerpt":{"rendered":"<p>\u201dSunt revoltat c\u0103 obiecte inestimabile din tezaurul Rom\u00e2niei au fost furate dintr-un muzeu din Olanda&hellip;<\/p>\n","protected":false},"author":0,"featured_media":27156,"comment_status":"open","ping_status":"open","sticky":false,"template":"","format":"standard","meta":{"footnotes":""},"categories":[2],"tags":[],"class_list":["post-27162","post","type-post","status-publish","format-standard","has-post-thumbnail","hentry","category-actual"],"_links":{"self":[{"href":"https:\/\/247stiri.ro\/index.php\/wp-json\/wp\/v2\/posts\/27162","targetHints":{"allow":["GET"]}}],"collection":[{"href":"https:\/\/247stiri.ro\/index.php\/wp-json\/wp\/v2\/posts"}],"about":[{"href":"https:\/\/247stiri.ro\/index.php\/wp-json\/wp\/v2\/types\/post"}],"replies":[{"embeddable":true,"href":"https:\/\/247stiri.ro\/index.php\/wp-json\/wp\/v2\/comments?post=27162"}],"version-history":[{"count":0,"href":"https:\/\/247stiri.ro\/index.php\/wp-json\/wp\/v2\/posts\/27162\/revisions"}],"wp:featuredmedia":[{"embeddable":true,"href":"https:\/\/247stiri.ro\/index.php\/wp-json\/wp\/v2\/media\/27156"}],"wp:attachment":[{"href":"https:\/\/247stiri.ro\/index.php\/wp-json\/wp\/v2\/media?parent=27162"}],"wp:term":[{"taxonomy":"category","embeddable":true,"href":"https:\/\/247stiri.ro\/index.php\/wp-json\/wp\/v2\/categories?post=27162"},{"taxonomy":"post_tag","embeddable":true,"href":"https:\/\/247stiri.ro\/index.php\/wp-json\/wp\/v2\/tags?post=27162"}],"curies":[{"name":"wp","href":"https:\/\/api.w.org\/{rel}","templated":true}]}}