{"id":27163,"date":"2025-01-28T09:44:51","date_gmt":"2025-01-28T09:44:51","guid":{"rendered":"https:\/\/247stiri.ro\/index.php\/2025\/01\/28\/pacient-mort-cu-zile-in-timp-ce-era-plimbat-intre-doua-spitale-din-tara-familia-face-acuzatii-grave-le-ati-luat-orice-sansa-la-viata\/"},"modified":"2025-01-28T09:44:51","modified_gmt":"2025-01-28T09:44:51","slug":"pacient-mort-cu-zile-in-timp-ce-era-plimbat-intre-doua-spitale-din-tara-familia-face-acuzatii-grave-le-ati-luat-orice-sansa-la-viata","status":"publish","type":"post","link":"https:\/\/247stiri.ro\/index.php\/2025\/01\/28\/pacient-mort-cu-zile-in-timp-ce-era-plimbat-intre-doua-spitale-din-tara-familia-face-acuzatii-grave-le-ati-luat-orice-sansa-la-viata\/","title":{"rendered":"Pacient MORT cu zile \u00een timp ce era plimbat \u00eentre dou\u0103 spitale din \u021bar\u0103! Familia face acuza\u021bii grave: Le-a\u0163i luat orice \u015fans\u0103 la via\u0163\u0103!"},"content":{"rendered":"<p>\u201dSpitalul Mor\u0163ii din Slatina mai face o victim\u0103. Din p\u0103cate, ceea ce prevesteam cu trei s\u0103pt\u0103m\u00e2ni \u00een urm\u0103 s-a adeverit: pentru c\u0103 sec\u0163ia de terapie intensiv\u0103 cardio a fost desfiin\u0163at\u0103 \u015fi nu avem cardiolog la UPU, un om de 66 de ani \u015fi-a pierdut via\u0163a \u00een drum spre Craiova. De c\u00e2\u0163i sl\u0103tineni e nevoie s\u0103 moar\u0103 pentru ca Oprescu s\u0103 pun\u0103 cap\u0103t corup\u0163iei \u015fi incompeten\u0163ei managementului spitalului?!\u201d, a scris, \u00eentr-o postare pe Facebook, primarul din Slatina Mario de Mezzo.\u00a0<\/p>\n<p>\u00cen postarea men\u021bionat\u0103, edilul a povestit c\u0103 a primit un mesaj de la fratele pacientului.<\/p>\n<p>B\u0103rbatul a scris \u015fi un mesaj pe Facebook: \u201dCum pute\u0163i s\u0103 tr\u0103i\u0163i lini\u015fti\u0163i \u015ftiind c\u0103 la Slatina oamenii mor cu zile, f\u0103r\u0103 nicio \u015fans\u0103, din cauza nep\u0103s\u0103rii voastre? Noaptea trecut\u0103, fratele meu a murit pentru c\u0103 nu a fost niciun medic cardiolog de garda si nu a avut cine s\u0103-i monteze un stent. Dup\u0103 ce a suferit patru preinfarcte in decurs de 3 ore, \u00een drum spre Craiova, la G\u0103neasa, inima lui a cedat\u201d.<\/p>\n<p>B\u0103rbatul sus\u0163ine c\u0103 fratele s\u0103u \u201da murit f\u0103r\u0103 nicio \u015fans\u0103, pentru c\u0103 la Slatina nu exist\u0103 o sec\u0163ie de Cardiologie, nu exist\u0103 medici cardiologi preg\u0103ti\u0163i care s\u0103 intervin\u0103, iar conducerea Spitalului Jude\u0163ean \u015fi Consiliul Jude\u0163ean Olt poart\u0103 \u00eentreaga responsabilitate pentru aceast\u0103 tragedie\u201d.<\/p>\n<p>\u201dDe ce? Pentru c\u0103 voi, cei care administra\u0163i acest jude\u0163, nu sunte\u0163i capabili s\u0103 asigura\u0163i un minim drept la via\u0163\u0103 pentru cet\u0103\u0163eni! Fratele meu a murit nu din cauza bolii, ci din cauza lipsei unui sistem medical minim func\u0163ional. Aceasta nu mai este doar o neglijen\u0163\u0103, este crim\u0103 cu premeditare. \u015etia\u0163i, \u015fi totu\u015fi a\u0163i ales s\u0103 nu face\u0163i nimic. C\u00e2te vie\u0163i trebuie s\u0103 se mai piard\u0103 ca s\u0103 ac\u0163iona\u0163i? La Slatina, oamenii mor cu zile. Nu pentru c\u0103 nu ar exista solu\u0163ii, ci pentru c\u0103 voi le-a\u0163i luat orice \u015fans\u0103 la via\u0163\u0103. A\u0163i confiscat totul \u00een acest jude\u0163, iar acum ne-a\u0163i luat \u015fi dreptul la via\u0163\u0103. Fratele meu nu a avut nicio \u015fans\u0103, pentru c\u0103 s-a n\u0103scut \u015fi a tr\u0103it \u00een Slatina\u201d, a mai scris b\u0103rbatul pe pagina de socializare.<\/p>\n<p>Acesta are mai multe solicit\u0103ri, \u00een numele locuitorilor din Slatina, respectiv o sec\u0163ie de cardiologie si medici de gard\u0103, dar \u0219i medici preg\u0103ti\u0163i care s\u0103 intervin\u0103 \u00een cazurile de urgen\u0163\u0103<\/p>\n<p>&#8222;Vrem s\u0103 tr\u0103im, nu s\u0103 murim din cauza voastr\u0103!&#8221;, a transmis fratele pacientului mort.\u00a0<\/p>\n<p>Spitalul Jude\u0163ean Slatina, jude\u0163ul Olt, a anun\u0163at, \u00een 9 ianuarie, c\u0103 a fost suspendat\u0103 activitatea Compartimentului Terapie Intensiv\u0103 Coronarieni din cadrul Sec\u0163iei Cardiologie, din cauza faptului c\u0103 are un deficit de medici.<\/p>\n<p>Pacien\u0163ii afla\u0163i \u00een stare critic\u0103 \u00een acest Compartiment vor fi transfera\u0163i, iar ceilal\u0163i vor fi supraveghea\u0163i de medicii de la UPU \u015f icei de la Medicina intern\u0103.<\/p>","protected":false},"excerpt":{"rendered":"<p>\u201dSpitalul Mor\u0163ii din Slatina mai face o victim\u0103. Din p\u0103cate, ceea ce prevesteam cu trei&hellip;<\/p>\n","protected":false},"author":0,"featured_media":27164,"comment_status":"open","ping_status":"open","sticky":false,"template":"","format":"standard","meta":{"footnotes":""},"categories":[2],"tags":[],"class_list":["post-27163","post","type-post","status-publish","format-standard","has-post-thumbnail","hentry","category-actual"],"_links":{"self":[{"href":"https:\/\/247stiri.ro\/index.php\/wp-json\/wp\/v2\/posts\/27163","targetHints":{"allow":["GET"]}}],"collection":[{"href":"https:\/\/247stiri.ro\/index.php\/wp-json\/wp\/v2\/posts"}],"about":[{"href":"https:\/\/247stiri.ro\/index.php\/wp-json\/wp\/v2\/types\/post"}],"replies":[{"embeddable":true,"href":"https:\/\/247stiri.ro\/index.php\/wp-json\/wp\/v2\/comments?post=27163"}],"version-history":[{"count":0,"href":"https:\/\/247stiri.ro\/index.php\/wp-json\/wp\/v2\/posts\/27163\/revisions"}],"wp:featuredmedia":[{"embeddable":true,"href":"https:\/\/247stiri.ro\/index.php\/wp-json\/wp\/v2\/media\/27164"}],"wp:attachment":[{"href":"https:\/\/247stiri.ro\/index.php\/wp-json\/wp\/v2\/media?parent=27163"}],"wp:term":[{"taxonomy":"category","embeddable":true,"href":"https:\/\/247stiri.ro\/index.php\/wp-json\/wp\/v2\/categories?post=27163"},{"taxonomy":"post_tag","embeddable":true,"href":"https:\/\/247stiri.ro\/index.php\/wp-json\/wp\/v2\/tags?post=27163"}],"curies":[{"name":"wp","href":"https:\/\/api.w.org\/{rel}","templated":true}]}}