{"id":27168,"date":"2025-01-28T09:44:53","date_gmt":"2025-01-28T09:44:53","guid":{"rendered":"https:\/\/247stiri.ro\/index.php\/2025\/01\/28\/dosarul-primarul-din-sinaia-acuzat-de-coruptie-mama-edilului-va-plati-cautiunea-de-600-000-de-lei-garanteaza-cu-casa-dumneaei\/"},"modified":"2025-01-28T09:44:53","modified_gmt":"2025-01-28T09:44:53","slug":"dosarul-primarul-din-sinaia-acuzat-de-coruptie-mama-edilului-va-plati-cautiunea-de-600-000-de-lei-garanteaza-cu-casa-dumneaei","status":"publish","type":"post","link":"https:\/\/247stiri.ro\/index.php\/2025\/01\/28\/dosarul-primarul-din-sinaia-acuzat-de-coruptie-mama-edilului-va-plati-cautiunea-de-600-000-de-lei-garanteaza-cu-casa-dumneaei\/","title":{"rendered":"Dosarul Primarul din Sinaia, acuzat de corup\u021bie. Mama edilului va pl\u0103ti cau\u021biunea de 600.000 de lei: &#8222;Garanteaz\u0103 cu casa dumneaei&#8221;"},"content":{"rendered":"<p>Informa\u021bie de ultim\u0103 or\u0103 \u00een cazul primarului din Sinaia, \u00een contextul \u00een care ast\u0103zi expir\u0103 termenul de 5 zile \u00een care acesta ar fi trebuit s\u0103 pl\u0103teasc\u0103 cau\u021biunea de 600.000 de lei.\u00a0<\/p>\n<p>Exclusiv pentru Realitatea PLUS, <a href=\"https:\/\/www.realitatea.net\/stiri\/actual\/vlad-oprea-primarul-din-sinaia-se-declara-nevinovat-si-spune-ca-un-grup-de-interese-vrea-sa-puna-mana-pe-oras_6793ba7d22fa1c4ed3397d22\" target=\"_blank\">Vlad Oprea<\/a> a declarat c\u0103 ast\u0103zi va pl\u0103ti aceast\u0103 cau\u021biune. Cea care garanteaz\u0103 pentru plata cau\u021biunii este chiar mama edilului. &#8222;Mama mea garanteaz\u0103 cu casa dumneaei&#8221;, a declarat edilul, \u00een contextul \u00een care procurorii au pus sechestru pe banii primarului.<\/p>\n<p>\u00cen ceea ce prive\u0219te casteul din Fran\u021ba, restaurantul sau vilele din Sinaia ale familiei, acestea nu sunt pe numele primarului, motiv pentru care Vlad Oprea nu ar fi putut garanta cu bunurile sale.\u00a0<\/p>\n<p><a href=\"https:\/\/www.realitatea.net\/stiri\/actual\/denunturi-pe-banda-rulanta-in-dosarul-primarului-din-sinaia-vlad-oprea-unul-dintre-cei-care-lar-fi-demascat-este-patronului-nordis-surse_6792112b852c6e027a362299\" target=\"_blank\">Denun\u021buri pe band\u0103 rulant\u0103 \u00een dosarul primarului din Sinaia, Vlad Oprea. Unul dintre cei care l-ar fi demascat este patronului Nordis &#8211; SURSE<\/a><\/p>","protected":false},"excerpt":{"rendered":"<p>Informa\u021bie de ultim\u0103 or\u0103 \u00een cazul primarului din Sinaia, \u00een contextul \u00een care ast\u0103zi expir\u0103&hellip;<\/p>\n","protected":false},"author":0,"featured_media":27158,"comment_status":"open","ping_status":"open","sticky":false,"template":"","format":"standard","meta":{"footnotes":""},"categories":[2],"tags":[],"class_list":["post-27168","post","type-post","status-publish","format-standard","has-post-thumbnail","hentry","category-actual"],"_links":{"self":[{"href":"https:\/\/247stiri.ro\/index.php\/wp-json\/wp\/v2\/posts\/27168","targetHints":{"allow":["GET"]}}],"collection":[{"href":"https:\/\/247stiri.ro\/index.php\/wp-json\/wp\/v2\/posts"}],"about":[{"href":"https:\/\/247stiri.ro\/index.php\/wp-json\/wp\/v2\/types\/post"}],"replies":[{"embeddable":true,"href":"https:\/\/247stiri.ro\/index.php\/wp-json\/wp\/v2\/comments?post=27168"}],"version-history":[{"count":0,"href":"https:\/\/247stiri.ro\/index.php\/wp-json\/wp\/v2\/posts\/27168\/revisions"}],"wp:featuredmedia":[{"embeddable":true,"href":"https:\/\/247stiri.ro\/index.php\/wp-json\/wp\/v2\/media\/27158"}],"wp:attachment":[{"href":"https:\/\/247stiri.ro\/index.php\/wp-json\/wp\/v2\/media?parent=27168"}],"wp:term":[{"taxonomy":"category","embeddable":true,"href":"https:\/\/247stiri.ro\/index.php\/wp-json\/wp\/v2\/categories?post=27168"},{"taxonomy":"post_tag","embeddable":true,"href":"https:\/\/247stiri.ro\/index.php\/wp-json\/wp\/v2\/tags?post=27168"}],"curies":[{"name":"wp","href":"https:\/\/api.w.org\/{rel}","templated":true}]}}